{"id":69403,"date":"2018-08-27T04:00:38","date_gmt":"2018-08-27T04:00:38","guid":{"rendered":"http:\/\/plazajuarez.mx\/index\/index.php\/2018\/08\/27\/amigos-cantan-por-betsy-pecanins\/"},"modified":"2018-08-27T04:00:38","modified_gmt":"2018-08-27T04:00:38","slug":"amigos-cantan-por-betsy-pecanins","status":"publish","type":"post","link":"https:\/\/plazajuarez.mx\/historico\/amigos-cantan-por-betsy-pecanins\/","title":{"rendered":"Amigos cantan por Betsy Pecanins"},"content":{"rendered":"<p>Hicieron sonar canciones con las que Betsy platicaba de su infancia, sus amores, sus cicatrices<\/p>\n<p>  <!--more-->  <\/p>\n<p>El &#8220;coraz\u00f3n&#8221; de la fallecida Betsy Pecanins &#8220;volvi\u00f3&#8221; a latir con el de cada uno de los artistas que subi\u00f3 al escenario del Centro Cultural &#8220;Roberto Cantoral&#8221; el pasado viernes. <br \/>Su hija, Tessa, los integrantes de su banda y varios amigos artistas le rindieron homenaje con un concierto en el que presentaron &#8220;Ave Phoenix&#8221;, disco que la &#8220;Reina del Blue&#8221;s no pudo concluir en vida pero que ellos se encargaron de materializar.<br \/>Los nombres son muchos: Felipe Souza, Jorge Garc\u00eda, Alfonso Rosas, M\u00f3nica del \u00c1guila, Juan Carlos Novelo. Elena Garnes, Nayeli stanfield, Natalia Marrok\u00edn. Margie Bermejo, Iraida Noriega, Frino, Tessa Pecanins, Jaramar, Guillermo Brise\u00f1o, Ver\u00f3nica Ituarte, Sabina Marentes, Rafael Mendoza, Cecilia Toussaint, Hebe Rosell\u2026 Todos hicieron sonar canciones con las que Betsy platicaba de su infancia, sus amores, sus cicatrices.<br \/>El concierto comenz\u00f3 poco despu\u00e9s de las ocho y media de la noche, a los que le siguieron las 19 canciones que integran el disco e innumerables recuerdos de la artista.<br \/>Jaramar dio voz a la letra de &#8220;Ave phoenix&#8221;, canci\u00f3n que titula el disco y que cuenta de su nacimiento en el desierto, la partida que le gan\u00f3 al c\u00e1ncer, el divorcio de sus padres, su amor por M\u00e9xico, la llegada de su hija y la forma en la que se reinvent\u00f3 al perder la voz a causa de su disfon\u00eda espasm\u00f3dica.<br \/>El p\u00fablico se estremeci\u00f3 con la canci\u00f3n escrita a su padre pero tambi\u00e9n con &#8220;Mar\u00eda&#8221;, tema que habla de los feminicidios. Lo mismo ocurri\u00f3 con &#8220;Ya me cans\u00e9&#8221;, canci\u00f3n con la que Betsy expresaba su inconformidad por los desaparecidos de Ayotzinapa. En esta canci\u00f3n particip\u00f3 Frino, autor de la letra.<br \/>Sabina Marentes dio voz a &#8220;Agua Dulce&#8221;, Cecilia Toussaint a &#8220;Signos Vitales&#8221; y Hebe Rosell a &#8220;Con solo un poco&#8221;. <br \/>En la recta final apareci\u00f3 Rafa Mendoza para cantar &#8220;La muerte chiquita&#8221;. El show finaliz\u00f3 con un popurr\u00ed.<\/p>\n","protected":false},"excerpt":{"rendered":"<p>Hicieron sonar canciones con las que Betsy platicaba de su infancia, sus amores, sus cicatrices<\/p>\n","protected":false},"author":93,"featured_media":0,"comment_status":"open","ping_status":"open","sticky":false,"template":"","format":"standard","meta":{"footnotes":""},"categories":[38],"tags":[],"class_list":["post-69403","post","type-post","status-publish","format-standard","hentry","category-show"],"_links":{"self":[{"href":"https:\/\/plazajuarez.mx\/historico\/wp-json\/wp\/v2\/posts\/69403","targetHints":{"allow":["GET"]}}],"collection":[{"href":"https:\/\/plazajuarez.mx\/historico\/wp-json\/wp\/v2\/posts"}],"about":[{"href":"https:\/\/plazajuarez.mx\/historico\/wp-json\/wp\/v2\/types\/post"}],"author":[{"embeddable":true,"href":"https:\/\/plazajuarez.mx\/historico\/wp-json\/wp\/v2\/users\/93"}],"replies":[{"embeddable":true,"href":"https:\/\/plazajuarez.mx\/historico\/wp-json\/wp\/v2\/comments?post=69403"}],"version-history":[{"count":0,"href":"https:\/\/plazajuarez.mx\/historico\/wp-json\/wp\/v2\/posts\/69403\/revisions"}],"wp:attachment":[{"href":"https:\/\/plazajuarez.mx\/historico\/wp-json\/wp\/v2\/media?parent=69403"}],"wp:term":[{"taxonomy":"category","embeddable":true,"href":"https:\/\/plazajuarez.mx\/historico\/wp-json\/wp\/v2\/categories?post=69403"},{"taxonomy":"post_tag","embeddable":true,"href":"https:\/\/plazajuarez.mx\/historico\/wp-json\/wp\/v2\/tags?post=69403"}],"curies":[{"name":"wp","href":"https:\/\/api.w.org\/{rel}","templated":true}]}}