{"id":68647,"date":"2018-08-13T11:48:53","date_gmt":"2018-08-13T11:48:53","guid":{"rendered":"http:\/\/plazajuarez.mx\/index\/index.php\/2018\/08\/13\/retratos-hablados-668\/"},"modified":"2018-08-13T11:48:53","modified_gmt":"2018-08-13T11:48:53","slug":"retratos-hablados-668","status":"publish","type":"post","link":"https:\/\/plazajuarez.mx\/historico\/retratos-hablados-668\/","title":{"rendered":"RETRATOS HABLADOS"},"content":{"rendered":"<p>\u00a0\u00a0\u00a0 \u2022\u00a0\u00a0 \u00a0Una tregua necesaria ordenada por AMLO\u2028<\/p>\n<p>  <!--more-->  <\/p>\n<p>Algo pas\u00f3 apenas unas horas antes que arrancara la marcha convocada por rector\u00eda de la Universidad Aut\u00f3noma del Estado de Hidalgo, la semana pasada, que de pronto par\u00f3 en seco esa acci\u00f3n y propici\u00f3 un mar de mensajes a los estudiantes para avisarles que siempre no acudir\u00edan a manifestar su \u201crepudio\u201d por la \u201crepresi\u00f3n\u201d a que es sometida la sociedad hidalguense por parte del gobierno estatal.<br \/>\u00a0\u00a0 \u00a0Fue una orden directa, tajante, incluso con la advertencia que de no ser acatada, romper\u00eda en autom\u00e1tico el pacto entre Morena y el Grupo Universidad, am\u00e9n que a partir de ahora el dirigente morenista en Hidalgo, Abraham Mendoza Zenteno, tendr\u00e1 que ser consultado y ser\u00e1 quien tome la \u00faltima decisi\u00f3n, previa consulta a la capital del pa\u00eds, para dar su apoyo a cuanto organismo pol\u00edtico se le acerque a pedir el nombre del partido del Presidente Electo en la realizaci\u00f3n de manifestaciones o marchas.<br \/>\u00a0\u00a0 \u00a0Nadie en la instituci\u00f3n educativa ha dado, al menos hasta el momento, ninguna explicaci\u00f3n oficial. Vaya pues que ni siquiera recurrieron a la justificaci\u00f3n de que en af\u00e1n de salvaguardar la integridad de los universitarios se hab\u00eda optado por la decisi\u00f3n de no realizar la actividad programada.<br \/>\u00a0\u00a0 \u00a0Sin embargo, la medida ordenada por el propio Presidente electo dej\u00f3 muy en claro que no permitir\u00e1 que las ambiciones de grupos de poder locales, lleven al uso y abuso de la imagen de las universidades p\u00fablicas con fines eminentemente pol\u00edticos. Vaya pues que del candidato al Jefe de la Naci\u00f3n se observa un sano cambio de actitudes.<br \/>\u00a0\u00a0 \u00a0Por muchas razones esta especie de tregua a que fue obligado el enclave de poder que hay en nuestra M\u00e1xima Casa de Estudios con el gobierno de Hidalgo, resulta sana en muchos sentidos, porque permitir que continuara una espiral de agresiones y amenazas solo habr\u00eda conducido a un callej\u00f3n sin salida.<br \/>\u00a0\u00a0 \u00a0El ejercicio de la pol\u00edtica implica ante todo no agotar las instancias del di\u00e1logo. Por encima de todo debe estar la verdadera preocupaci\u00f3n por la ciudadan\u00eda. El triunfo del ahora Presidente Electo no da carta abierta a quienes resultaron beneficiados con cargos de elecci\u00f3n popular, para intentar pulverizar el mandato del Poder Ejecutivo con el uso de una instituci\u00f3n educativa con fines netamente pol\u00edticos.<br \/>\u00a0\u00a0 \u00a0Vivimos, es cierto, tiempos in\u00e9ditos en una entidad como la nuestra. Tiempos que sin embargo urgen a que sea el sentido com\u00fan en cada una de las acciones a tomar.<br \/>\u00a0\u00a0 \u00a0Para quien ya se ve\u00eda como gobernador sustituto luego de ver hecho realidad su plan de generar la desaparici\u00f3n de poderes, sabe hoy m\u00e1s que nunca que esto no va a suceder por la simple y sencilla raz\u00f3n de que no hay razones para que esto suceda, adem\u00e1s que el Jefe de la Naci\u00f3n electo bajo ninguna circunstancia avalar\u00e1 semejante absurdo.<br \/>\u00a0\u00a0 \u00a0Hay tiempo para la serenidad, la inteligencia en cada uno de los actores pol\u00edticos del Estado.<br \/>\u00a0\u00a0 \u00a0La lecci\u00f3n tendr\u00e1 que ser aprendida: bajo ninguna circunstancia se puede utilizar al estudiantado, a los profesores, investigadores, trabajadores, como arma de presi\u00f3n para beneficio de un grupo que ha detentado el poder durante m\u00e1s de 36 a\u00f1os en una universidad que no es de ellos, sino de todos los hidalguenses. No se vale, no se puede permitir que as\u00ed suceda, y todo indica que as\u00ed se los manifest\u00f3 el propio Presidente Electo.<br \/>\u00a0\u00a0 \u00a0Haber querido cobrarse el favor que supuestamente hicieron al entonces candidato presidencial de una manera ventajosa y burda, hoy mismo ha dejado muy en claro al Grupo Universidad que sus antecedentes hist\u00f3ricos nada edificantes son conocidos a fondo por quien encabezar\u00e1 los destinos del pa\u00eds a partir del 1 de diciembre.<br \/>Mil gracias, hasta ma\u00f1ana.<br \/>jeperalta@plazajuarez.mx\/historico\/historico<br \/>@JavierEPeralta<\/p>\n<p>CITA:<br \/>La lecci\u00f3n tendr\u00e1 que ser aprendida: bajo ninguna circunstancia se puede utilizar al estudiantado, a los profesores, investigadores, trabajadores, como arma de presi\u00f3n para beneficio de un grupo que ha detentado el poder durante m\u00e1s de 36 a\u00f1os en una universidad que no es de ellos, sino de todos los hidalguenses. No se vale, no se puede permitir que as\u00ed suceda, y todo indica que as\u00ed se los manifest\u00f3 el propio Presidente Electo.<br \/>\u00a0\u00a0 \u00a0<\/p>\n","protected":false},"excerpt":{"rendered":"<p>\u00a0\u00a0\u00a0 \u2022\u00a0\u00a0 \u00a0Una tregua necesaria ordenada por AMLO\u2028<\/p>\n","protected":false},"author":93,"featured_media":0,"comment_status":"open","ping_status":"open","sticky":false,"template":"","format":"standard","meta":{"footnotes":""},"categories":[49],"tags":[],"class_list":["post-68647","post","type-post","status-publish","format-standard","hentry","category-javier-peralta"],"_links":{"self":[{"href":"https:\/\/plazajuarez.mx\/historico\/wp-json\/wp\/v2\/posts\/68647","targetHints":{"allow":["GET"]}}],"collection":[{"href":"https:\/\/plazajuarez.mx\/historico\/wp-json\/wp\/v2\/posts"}],"about":[{"href":"https:\/\/plazajuarez.mx\/historico\/wp-json\/wp\/v2\/types\/post"}],"author":[{"embeddable":true,"href":"https:\/\/plazajuarez.mx\/historico\/wp-json\/wp\/v2\/users\/93"}],"replies":[{"embeddable":true,"href":"https:\/\/plazajuarez.mx\/historico\/wp-json\/wp\/v2\/comments?post=68647"}],"version-history":[{"count":0,"href":"https:\/\/plazajuarez.mx\/historico\/wp-json\/wp\/v2\/posts\/68647\/revisions"}],"wp:attachment":[{"href":"https:\/\/plazajuarez.mx\/historico\/wp-json\/wp\/v2\/media?parent=68647"}],"wp:term":[{"taxonomy":"category","embeddable":true,"href":"https:\/\/plazajuarez.mx\/historico\/wp-json\/wp\/v2\/categories?post=68647"},{"taxonomy":"post_tag","embeddable":true,"href":"https:\/\/plazajuarez.mx\/historico\/wp-json\/wp\/v2\/tags?post=68647"}],"curies":[{"name":"wp","href":"https:\/\/api.w.org\/{rel}","templated":true}]}}