{"id":68641,"date":"2018-08-13T11:40:59","date_gmt":"2018-08-13T11:40:59","guid":{"rendered":"http:\/\/plazajuarez.mx\/index\/index.php\/2018\/08\/13\/bajo-reserva-expres-63\/"},"modified":"2018-08-13T11:40:59","modified_gmt":"2018-08-13T11:40:59","slug":"bajo-reserva-expres-63","status":"publish","type":"post","link":"https:\/\/plazajuarez.mx\/historico\/bajo-reserva-expres-63\/","title":{"rendered":"Bajo Reserva Expr\u00e9s"},"content":{"rendered":"<p>Madrazo evita la foto en el PRI<br \/>\u00a0<\/p>\n<p>  <!--more-->  <\/p>\n<p>La reuni\u00f3n del viernes por la tarde entre ex dirigentes nacionales del PRI sirvi\u00f3 para ir cerrando filas, tras la debacle del 1 de julio que los convirti\u00f3 de la noche a la ma\u00f1ana en &#8220;chiquillada&#8221; entre los partidos.<br \/>Nos cuentan que la comida en la sede del partido, presididos por Claudia Ruiz Massieu, conversaron sobre el rol del partido ante el nuevo gobierno de Andr\u00e9s Manuel L\u00f3pez Obrador.<br \/>Sin embargo, llam\u00f3 la atenci\u00f3n que Roberto Madrazo no se qued\u00f3 ni al postre. Pretextando compromisos abandon\u00f3 el encuentro y de plano no sali\u00f3 en la foto.<br \/>La pregunta es si de plano no quiso salir en la foto o un viernes por la tarde tuvo algo ineludible que le evit\u00f3 la pena de salir en una imagen de ex dirigentes tricolores. <br \/>L\u00e1stima, don Roberto se perdi\u00f3 el postre.<\/p>\n","protected":false},"excerpt":{"rendered":"<p>Madrazo evita la foto en el PRI\u00a0<\/p>\n","protected":false},"author":93,"featured_media":0,"comment_status":"open","ping_status":"open","sticky":false,"template":"","format":"standard","meta":{"footnotes":""},"categories":[42],"tags":[],"class_list":["post-68641","post","type-post","status-publish","format-standard","hentry","category-nuestrapalabra"],"_links":{"self":[{"href":"https:\/\/plazajuarez.mx\/historico\/wp-json\/wp\/v2\/posts\/68641","targetHints":{"allow":["GET"]}}],"collection":[{"href":"https:\/\/plazajuarez.mx\/historico\/wp-json\/wp\/v2\/posts"}],"about":[{"href":"https:\/\/plazajuarez.mx\/historico\/wp-json\/wp\/v2\/types\/post"}],"author":[{"embeddable":true,"href":"https:\/\/plazajuarez.mx\/historico\/wp-json\/wp\/v2\/users\/93"}],"replies":[{"embeddable":true,"href":"https:\/\/plazajuarez.mx\/historico\/wp-json\/wp\/v2\/comments?post=68641"}],"version-history":[{"count":0,"href":"https:\/\/plazajuarez.mx\/historico\/wp-json\/wp\/v2\/posts\/68641\/revisions"}],"wp:attachment":[{"href":"https:\/\/plazajuarez.mx\/historico\/wp-json\/wp\/v2\/media?parent=68641"}],"wp:term":[{"taxonomy":"category","embeddable":true,"href":"https:\/\/plazajuarez.mx\/historico\/wp-json\/wp\/v2\/categories?post=68641"},{"taxonomy":"post_tag","embeddable":true,"href":"https:\/\/plazajuarez.mx\/historico\/wp-json\/wp\/v2\/tags?post=68641"}],"curies":[{"name":"wp","href":"https:\/\/api.w.org\/{rel}","templated":true}]}}