{"id":68639,"date":"2018-08-13T11:40:32","date_gmt":"2018-08-13T11:40:32","guid":{"rendered":"http:\/\/plazajuarez.mx\/index\/index.php\/2018\/08\/13\/institucionales\/"},"modified":"2018-08-13T11:40:32","modified_gmt":"2018-08-13T11:40:32","slug":"institucionales","status":"publish","type":"post","link":"https:\/\/plazajuarez.mx\/historico\/institucionales\/","title":{"rendered":"Institucionales"},"content":{"rendered":"<p>Vitral Pol\u00edtico<\/p>\n<p>\u00a0\u00a0 \u00a0\u2022\u00a0\u00a0 \u00a0Al d\u00eda siguiente (cubrieron las formas de no verse enseguida), Enrique Pe\u00f1a Nieto y Andr\u00e9s Manuel L\u00f3pez Obrador, sellaron un acuerdo fundamental: El que se va crear\u00e1 la Secretar\u00eda de Seguridad P\u00fablica, que encabezar\u00e1 Alfonso Durazo Monta\u00f1o y, ni m\u00e1s ni menos, har\u00e1n mancuerna para nombrar fiscal General de la Rep\u00fablica, como dicta la Constituci\u00f3n\u2028<\/p>\n<p>  <!--more-->  <\/p>\n<p>Despu\u00e9s de un sobresalto, cuando Andr\u00e9s Manuel L\u00f3pez Obrador, acus\u00f3 que la Secretar\u00eda de Hacienda y el Tribunal Electoral del Poder Judicial de la Federaci\u00f3n (TEPJF) actuaban en complot en su contra, el ferrocarril de la transici\u00f3n volvi\u00f3 a la marcha suave.<br \/>Ingenioso en sus expresiones, L\u00f3pez Obrador pas\u00f3 a recoger su &#8220;diploma&#8221; de Presidente de la Rep\u00fablica, que recibi\u00f3 en sesi\u00f3n solemne del pleno del TEPJF, presidido por la magistrada Janine Madeline Ot\u00e1lora Malassis. <br \/>As\u00ed, el futuro es presente. Hay Presidente de izquierda, sin pasar por un proceso armado. Llega, incluso, con la custodia del Estado Mayor Presidencial (EMP), una instituci\u00f3n que, d\u00edgase lo que se diga, es un \u00f3rgano t\u00e9cnico-militar cuyo objeto es brindar tiempo y lugar a quien toma las decisiones m\u00e1s importantes de un pa\u00eds que es muchas cosas, menos una rep\u00fablica bananera. <br \/>Al d\u00eda siguiente (cubrieron las formas de no verse enseguida), Enrique Pe\u00f1a Nieto y Andr\u00e9s Manuel L\u00f3pez Obrador, sellaron un acuerdo fundamental: El que se va crear\u00e1 la Secretar\u00eda de Seguridad P\u00fablica, que encabezar\u00e1 Alfonso Durazo Monta\u00f1o y, ni m\u00e1s ni menos, har\u00e1n mancuerna para nombrar fiscal General de la Rep\u00fablica, como dicta la Constituci\u00f3n. <br \/>Con su correlaci\u00f3n de fuerzas en el Senado y el pacto con Pe\u00f1a Nieto, L\u00f3pez Obrador tiene la f\u00f3rmula para designar fiscal General de la Rep\u00fablica a Bernardo B\u00e1tiz V\u00e1zquez. Cuando se tienen acuerdos de esa altura, convenidos en el despacho presidencial del Palacio Nacional, todo es cuesti\u00f3n de tiempo. As\u00ed son los institucionales. <br \/>VIDRIOS SUCIOS.- \u00bfPor d\u00f3nde empezar la guerra contra la corrupci\u00f3n? Esa s\u00ed ser\u00e1 guerra. En caso de ser simulaci\u00f3n, el gobierno entrante ir\u00e1 a su propio despe\u00f1adero. \u00bfTendr\u00e1n el temple de tocar Pemex? Tantos potenciales reos por corrupci\u00f3n, enseguida de que sea delito grave, ir\u00e1n a la c\u00e1rcel, seg\u00fan se promete. Como se sabe, hay una ingenier\u00eda de la inocencia en la que participan servidores p\u00fablicos y particulares, por algo la corrupci\u00f3n es el gran mal ancestral de M\u00e9xico. Para matar a la vaca alguien detiene la pata, como ilustr\u00f3 Juana In\u00e9s de la Cruz. <br \/>Una pr\u00e1ctica pol\u00edtica que se acusa es la participaci\u00f3n en concursos abiertos con empresas &#8220;fantasmas&#8221; y s\u00f3lo una instituida, y con amigos en Pemex. De ello, por ejemplo, se ha se\u00f1alado como presunta responsable a la empresa Soluciones Tecnol\u00f3gicas Especializadas, de Claudia Rinc\u00f3n P\u00e9rez, quien enfrenta una denuncia interpuesta por un ex socio, Jos\u00e9 Carlos Chew L\u00f3pez, la cual deber\u00e1 resolver el poder Judicial, si pasa el filtro del Ministerio P\u00fablico. <br \/>El asunto es el pelo de un gato, implica s\u00f3lo un contrato por mil 672 millones de pesos, presuntamente obtenido mediante irregularidades, en 2017, cuando la atenci\u00f3n p\u00fablica estaba puesta en Odebrecht, que son palabras mayores&#8230; <br \/>CONTRASTE.- La invasi\u00f3n de sargazo es una pestilente amenaza letal que embiste a la Riviera Maya, la regi\u00f3n tur\u00edstica estrella de M\u00e9xico. El asunto es grave, pero este tipo de desastre no existe en la ley y no hay ley porque el Senado releg\u00f3 un proyecto de Ley de Costas, que propuso dos vece la senadora panista Silvia Garza Galv\u00e1n&#8230; <br \/>MIRADOR.- Albert Einstein: &#8220;Nunca pienso en el futuro, llega demasiado pronto&#8221;&#8230;<\/p>\n","protected":false},"excerpt":{"rendered":"<p>Vitral Pol\u00edtico \u00a0\u00a0 \u00a0\u2022\u00a0\u00a0 \u00a0Al d\u00eda siguiente (cubrieron las formas de no verse enseguida), Enrique Pe\u00f1a Nieto y Andr\u00e9s Manuel L\u00f3pez Obrador, sellaron un acuerdo fundamental: El que se va crear\u00e1 la Secretar\u00eda de Seguridad P\u00fablica, que encabezar\u00e1 Alfonso Durazo Monta\u00f1o y, ni m\u00e1s ni menos, har\u00e1n mancuerna para nombrar fiscal General de la Rep\u00fablica, [&hellip;]<\/p>\n","protected":false},"author":93,"featured_media":0,"comment_status":"open","ping_status":"open","sticky":false,"template":"","format":"standard","meta":{"footnotes":""},"categories":[42],"tags":[],"class_list":["post-68639","post","type-post","status-publish","format-standard","hentry","category-nuestrapalabra"],"_links":{"self":[{"href":"https:\/\/plazajuarez.mx\/historico\/wp-json\/wp\/v2\/posts\/68639","targetHints":{"allow":["GET"]}}],"collection":[{"href":"https:\/\/plazajuarez.mx\/historico\/wp-json\/wp\/v2\/posts"}],"about":[{"href":"https:\/\/plazajuarez.mx\/historico\/wp-json\/wp\/v2\/types\/post"}],"author":[{"embeddable":true,"href":"https:\/\/plazajuarez.mx\/historico\/wp-json\/wp\/v2\/users\/93"}],"replies":[{"embeddable":true,"href":"https:\/\/plazajuarez.mx\/historico\/wp-json\/wp\/v2\/comments?post=68639"}],"version-history":[{"count":0,"href":"https:\/\/plazajuarez.mx\/historico\/wp-json\/wp\/v2\/posts\/68639\/revisions"}],"wp:attachment":[{"href":"https:\/\/plazajuarez.mx\/historico\/wp-json\/wp\/v2\/media?parent=68639"}],"wp:term":[{"taxonomy":"category","embeddable":true,"href":"https:\/\/plazajuarez.mx\/historico\/wp-json\/wp\/v2\/categories?post=68639"},{"taxonomy":"post_tag","embeddable":true,"href":"https:\/\/plazajuarez.mx\/historico\/wp-json\/wp\/v2\/tags?post=68639"}],"curies":[{"name":"wp","href":"https:\/\/api.w.org\/{rel}","templated":true}]}}