{"id":68638,"date":"2018-08-13T11:40:11","date_gmt":"2018-08-13T11:40:11","guid":{"rendered":"http:\/\/plazajuarez.mx\/index\/index.php\/2018\/08\/13\/amnistia-o-legalizacion-de-la-impunidad\/"},"modified":"2018-08-13T11:40:11","modified_gmt":"2018-08-13T11:40:11","slug":"amnistia-o-legalizacion-de-la-impunidad","status":"publish","type":"post","link":"https:\/\/plazajuarez.mx\/historico\/amnistia-o-legalizacion-de-la-impunidad\/","title":{"rendered":"Amnist\u00eda o legalizaci\u00f3n de la impunidad"},"content":{"rendered":"<p>\u00a0\u00a0\u00a0 \u2022\u00a0\u00a0 \u00a0Sin embargo, no hay claridad en los planteamientos centrales, principalmente en lo relativo a la propuesta de amnist\u00eda y perd\u00f3n\u2028<\/p>\n<p>  <!--more-->  <\/p>\n<p>Buena noticia es que el tema violencia es prioridad para el gobierno que tomar\u00e1 posesi\u00f3n el pr\u00f3ximo 1 de diciembre. <br \/>Ya se llev\u00f3 a cabo en Ciudad Ju\u00e1rez el primero de los 18 foros de &#8220;Pacificaci\u00f3n y Reconciliaci\u00f3n Nacional&#8221;, evento presidido por el ahora presidente electo, Andr\u00e9s Manuel L\u00f3pez Obrador, y coordinado por quien ser\u00e1 secretaria de Gobernaci\u00f3n, la ministra Olga S\u00e1nchez Cordero, y por Alfonso Durazo Monta\u00f1o, pr\u00f3ximo secretario de Seguridad P\u00fablica.<br \/>Sin embargo, no hay claridad en los planteamientos centrales, principalmente en lo relativo a la propuesta de amnist\u00eda y perd\u00f3n.<br \/>Definitivamente, se percibe una buena intenci\u00f3n: resolver el problema de la violencia. Sin embargo, ni la amnist\u00eda ni el perd\u00f3n aplican para resolver lo que hoy vive M\u00e9xico.<br \/>La amnist\u00eda ha servido en otros pa\u00edses para consolidar procesos de pacificaci\u00f3n, cuando el conflicto ha concluido y se quiere reconciliar a los grupos en pugna. Sin embargo, el nuevo gobierno la propone para pacificar, resolver un conflicto delictivo vivo, en el cual los beneficiarios de la amnist\u00eda no la quieren, no les interesa ni la han pedido, ya que pretenden seguir su carrera delictiva.<br \/>Por tanto, la amnist\u00eda en nuestro pa\u00eds ni siquiera debe ser considerada. En Colombia, por ejemplo, funcion\u00f3 despu\u00e9s de que el grupo guerrillero denominado las FARC negoci\u00f3 la paz y se compromet\u00eda a desmilitarizarse.<br \/>Si los guerrilleros de las FARC tuvieran procesos judiciales pendientes por cr\u00edmenes de guerra, entonces \u00bfc\u00f3mo podr\u00edan reintegrase a la vida civil sin riesgo de ser encarcelados? La amnist\u00eda resolv\u00eda este temor.<br \/>La amnist\u00eda fue el resultado de la negociaci\u00f3n pol\u00edtica de quien era el presidente de Colombia, Juan Manuel Santos, y los l\u00edderes de las FARC, quienes ya deseaban dar por concluida esa guerra.<br \/>La amnist\u00eda colombiana inclu\u00eda el cese al fuego, la entrega de las armas, dejar de vestir uniformes militares y la integraci\u00f3n de los miembros de las FARC a la sociedad.<br \/>Evidentemente fue parte de una negociaci\u00f3n pol\u00edtica.<br \/>Por tanto, en M\u00e9xico no se puede conceder amnist\u00eda a quienes no la solicitan, porque prefieren continuar delinquiendo. \u00bfD\u00f3nde est\u00e1n los delincuentes que quieren redimirse ante la sociedad y dejar esa vida violenta?<br \/>El caso de la pacificaci\u00f3n de Sud\u00e1frica, negociada por Nelson Mandela, fue la b\u00fasqueda de la reconciliaci\u00f3n entre la poblaci\u00f3n de raza blanca, que hab\u00eda abusado durante much\u00edsimo tiempo de toda la poblaci\u00f3n de color, a la que hab\u00eda esclavizado y a la que despu\u00e9s, en los tiempos modernos, hab\u00eda segregado bajo el modelo del apartheid.<br \/>Los blancos reconoc\u00edan que hab\u00edan actuado mal y promet\u00edan no volver a repetir esa historia y la poblaci\u00f3n de raza de color otorgaba el perd\u00f3n, para iniciar juntos una nueva era de convivencia en paz e igualdad de derechos, pol\u00edticos y sociales.<br \/>En Chile tambi\u00e9n se aplic\u00f3 la amnist\u00eda a favor de los militares al final de la dictadura instrumentada por el general Augusto Pinochet. De este modo se consolid\u00f3 la paz.<br \/>Daniela Malpica Neri, abogada, explica que &#8220;el primero en emplear una amnist\u00eda fue el general griego Tras\u00edbulo, quien realiz\u00f3 un golpe de Estado en el a\u00f1o 412 antes de Cristo para restablecer la democracia en Atenas. Despu\u00e9s de haber arrojado a los treinta tiranos de Atenas, mand\u00f3 un olvido general (amnist\u00eda) para intentar recobrar la pujanza, la paz y la libertad ateniense&#8221;.<br \/>La amnist\u00eda podr\u00eda funcionar en M\u00e9xico para rescatar a quienes fueron forzados a integrarse a alg\u00fan cartel en contra de su voluntad. Sin embargo, ning\u00fan grupo criminal estar\u00eda dispuesto a dejar escapar a ninguno de sus miembros. Por tanto, antes de hablar de amnist\u00eda se debiese instrumentar un programa para facilitar la huida de quienes quisieran abandonar al grupo delincuencial que les retiene. Habr\u00eda que plantear primero una estrategia de rescate que incluya darles una nueva identidad, para que no sean identificados por sus captores.<br \/>Sin embargo, esto no resolver\u00eda el problema de la violencia ni la delincuencia, pues no hay ning\u00fan inter\u00e9s de los delincuentes por abandonar su actividad. M\u00e1s bien pretenden crecer y ganar nuevos mercados. Una &#8220;ley de amnist\u00eda o perd\u00f3n&#8221; amarrar\u00eda las manos legalmente a las autoridades para perseguir a los criminales, lo cual fomentar\u00eda la impunidad.<br \/>Apenas va el primer foro por la pacificaci\u00f3n y es necesario que las universidades, a trav\u00e9s de sus escuelas de Derecho y sus institutos de investigaciones jur\u00eddicas, participen aportando soluciones viables.<br \/>Lo importante es que ahora s\u00ed se percibe voluntad pol\u00edtica para resolver este problema y la sociedad y sus instituciones deben participar para dar seguimiento a las soluciones que se propongan.<br \/>\u00bfUsted c\u00f3mo lo ve?<\/p>\n","protected":false},"excerpt":{"rendered":"<p>\u00a0\u00a0\u00a0 \u2022\u00a0\u00a0 \u00a0Sin embargo, no hay claridad en los planteamientos centrales, principalmente en lo relativo a la propuesta de amnist\u00eda y perd\u00f3n\u2028<\/p>\n","protected":false},"author":93,"featured_media":0,"comment_status":"open","ping_status":"open","sticky":false,"template":"","format":"standard","meta":{"footnotes":""},"categories":[42],"tags":[],"class_list":["post-68638","post","type-post","status-publish","format-standard","hentry","category-nuestrapalabra"],"_links":{"self":[{"href":"https:\/\/plazajuarez.mx\/historico\/wp-json\/wp\/v2\/posts\/68638","targetHints":{"allow":["GET"]}}],"collection":[{"href":"https:\/\/plazajuarez.mx\/historico\/wp-json\/wp\/v2\/posts"}],"about":[{"href":"https:\/\/plazajuarez.mx\/historico\/wp-json\/wp\/v2\/types\/post"}],"author":[{"embeddable":true,"href":"https:\/\/plazajuarez.mx\/historico\/wp-json\/wp\/v2\/users\/93"}],"replies":[{"embeddable":true,"href":"https:\/\/plazajuarez.mx\/historico\/wp-json\/wp\/v2\/comments?post=68638"}],"version-history":[{"count":0,"href":"https:\/\/plazajuarez.mx\/historico\/wp-json\/wp\/v2\/posts\/68638\/revisions"}],"wp:attachment":[{"href":"https:\/\/plazajuarez.mx\/historico\/wp-json\/wp\/v2\/media?parent=68638"}],"wp:term":[{"taxonomy":"category","embeddable":true,"href":"https:\/\/plazajuarez.mx\/historico\/wp-json\/wp\/v2\/categories?post=68638"},{"taxonomy":"post_tag","embeddable":true,"href":"https:\/\/plazajuarez.mx\/historico\/wp-json\/wp\/v2\/tags?post=68638"}],"curies":[{"name":"wp","href":"https:\/\/api.w.org\/{rel}","templated":true}]}}