{"id":68637,"date":"2018-08-13T11:39:53","date_gmt":"2018-08-13T11:39:53","guid":{"rendered":"http:\/\/plazajuarez.mx\/index\/index.php\/2018\/08\/13\/ningun-suspirante-convence-a-panistas\/"},"modified":"2018-08-13T11:39:53","modified_gmt":"2018-08-13T11:39:53","slug":"ningun-suspirante-convence-a-panistas","status":"publish","type":"post","link":"https:\/\/plazajuarez.mx\/historico\/ningun-suspirante-convence-a-panistas\/","title":{"rendered":"Ning\u00fan &#8220;suspirante&#8221; convence a panistas"},"content":{"rendered":"<p>Bajo Reserva Expr\u00e9s<\/p>\n<p>  <!--more-->  <\/p>\n<p>Nos comentan que durante la sesi\u00f3n del Consejo Nacional del PAN, m\u00e1s de un consejero expres\u00f3 que hasta ahora ninguno de los aspirantes que buscan la presidencia del partido convence al panismo, la mayor\u00eda de los consejeros afirmaron que el partido requiere de un l\u00edder que tenga el empaque suficiente para ser un opositor fuerte frente al gobierno de Andr\u00e9s Manuel L\u00f3pez Obrador, que no obedezca intereses de grupo y que sea aut\u00e9ntico.<br \/>Nos comentan que varios liderazgos sostienen que nadie tiene hasta ahora el respaldo del panismo en su totalidad.<br \/>Explican que algunos de los &#8220;suspirantes&#8221; a jefe nacional del PAN los ven de bajo perfil, mientras que a otros los ven m\u00e1s cercanos al PRI que a Acci\u00f3n Nacional.<br \/>Quiz\u00e1, nos dicen, habr\u00e1 que buscar entre aquellos panistas que no han expresado su inter\u00e9s en participar en la contienda por la dirigencia y que tengan el abolengo y el tama\u00f1o que se requiere para cumplir con la dif\u00edcil empresa de unir al PAN, consolidarlo como un opositor fuerte y hacerlo electoralmente competitivo, casi nada.<\/p>\n","protected":false},"excerpt":{"rendered":"<p>Bajo Reserva Expr\u00e9s<\/p>\n","protected":false},"author":93,"featured_media":0,"comment_status":"open","ping_status":"open","sticky":false,"template":"","format":"standard","meta":{"footnotes":""},"categories":[42],"tags":[],"class_list":["post-68637","post","type-post","status-publish","format-standard","hentry","category-nuestrapalabra"],"_links":{"self":[{"href":"https:\/\/plazajuarez.mx\/historico\/wp-json\/wp\/v2\/posts\/68637","targetHints":{"allow":["GET"]}}],"collection":[{"href":"https:\/\/plazajuarez.mx\/historico\/wp-json\/wp\/v2\/posts"}],"about":[{"href":"https:\/\/plazajuarez.mx\/historico\/wp-json\/wp\/v2\/types\/post"}],"author":[{"embeddable":true,"href":"https:\/\/plazajuarez.mx\/historico\/wp-json\/wp\/v2\/users\/93"}],"replies":[{"embeddable":true,"href":"https:\/\/plazajuarez.mx\/historico\/wp-json\/wp\/v2\/comments?post=68637"}],"version-history":[{"count":0,"href":"https:\/\/plazajuarez.mx\/historico\/wp-json\/wp\/v2\/posts\/68637\/revisions"}],"wp:attachment":[{"href":"https:\/\/plazajuarez.mx\/historico\/wp-json\/wp\/v2\/media?parent=68637"}],"wp:term":[{"taxonomy":"category","embeddable":true,"href":"https:\/\/plazajuarez.mx\/historico\/wp-json\/wp\/v2\/categories?post=68637"},{"taxonomy":"post_tag","embeddable":true,"href":"https:\/\/plazajuarez.mx\/historico\/wp-json\/wp\/v2\/tags?post=68637"}],"curies":[{"name":"wp","href":"https:\/\/api.w.org\/{rel}","templated":true}]}}