{"id":68631,"date":"2018-08-13T11:36:59","date_gmt":"2018-08-13T11:36:59","guid":{"rendered":"http:\/\/plazajuarez.mx\/index\/index.php\/2018\/08\/13\/lindsay-lohan-aclara-comentarios-sobre-metoo\/"},"modified":"2018-08-13T11:36:59","modified_gmt":"2018-08-13T11:36:59","slug":"lindsay-lohan-aclara-comentarios-sobre-metoo","status":"publish","type":"post","link":"https:\/\/plazajuarez.mx\/historico\/lindsay-lohan-aclara-comentarios-sobre-metoo\/","title":{"rendered":"Lindsay Lohan aclara comentarios sobre #MeToo"},"content":{"rendered":"<p>Lohan dijo en una entrevista para &#8220;Times&#8221; que las mujeres luc\u00edan &#8220;d\u00e9biles&#8221; al hablar de los abusos sexuales que sufrieron<\/p>\n<p>  <!--more-->  <\/p>\n<p>La actriz estadounidense Lindsay Lohan lament\u00f3 que se hayan malinterpretado comentarios que hizo sobre el movimiento #MeToo.<br \/>Lohan dijo en una entrevista para &#8220;Times&#8221; que las mujeres luc\u00edan &#8220;d\u00e9biles&#8221; al hablar de los abusos sexuales que sufrieron.<br \/>Adem\u00e1s critic\u00f3 el hecho de que no hayan alzado la voz en el momento que ocurrieron los incidentes.<br \/>Luego del revuelo causado por lo que dijo, seg\u00fan &#8220;TMZ&#8221;, Lohan emiti\u00f3 un comunicado para aclarar su opini\u00f3n.<br \/>&#8220;La cita se relaciona \u00fanicamente con mi esperanza de que un pu\u00f1ado de falsos testimonios de un tsunami de voces heroicas no sirva para diluir la importancia del movimiento #MeToo, y todos los que lo defendemos.<br \/>&#8220;He aprendido c\u00f3mo declaraciones como la m\u00eda se consideran perjudiciales, lo que nunca fue mi intenci\u00f3n. Lamento cualquier dolor que pueda haber causado&#8221;, a\u00f1adi\u00f3.<br \/>Lohan dijo sentir el mayor respeto y admiraci\u00f3n por las mujeres que han salido a hablar de sus experiencias.<\/p>\n","protected":false},"excerpt":{"rendered":"<p>Lohan dijo en una entrevista para &#8220;Times&#8221; que las mujeres luc\u00edan &#8220;d\u00e9biles&#8221; al hablar de los abusos sexuales que sufrieron<\/p>\n","protected":false},"author":93,"featured_media":0,"comment_status":"open","ping_status":"open","sticky":false,"template":"","format":"standard","meta":{"footnotes":""},"categories":[38],"tags":[],"class_list":["post-68631","post","type-post","status-publish","format-standard","hentry","category-show"],"_links":{"self":[{"href":"https:\/\/plazajuarez.mx\/historico\/wp-json\/wp\/v2\/posts\/68631","targetHints":{"allow":["GET"]}}],"collection":[{"href":"https:\/\/plazajuarez.mx\/historico\/wp-json\/wp\/v2\/posts"}],"about":[{"href":"https:\/\/plazajuarez.mx\/historico\/wp-json\/wp\/v2\/types\/post"}],"author":[{"embeddable":true,"href":"https:\/\/plazajuarez.mx\/historico\/wp-json\/wp\/v2\/users\/93"}],"replies":[{"embeddable":true,"href":"https:\/\/plazajuarez.mx\/historico\/wp-json\/wp\/v2\/comments?post=68631"}],"version-history":[{"count":0,"href":"https:\/\/plazajuarez.mx\/historico\/wp-json\/wp\/v2\/posts\/68631\/revisions"}],"wp:attachment":[{"href":"https:\/\/plazajuarez.mx\/historico\/wp-json\/wp\/v2\/media?parent=68631"}],"wp:term":[{"taxonomy":"category","embeddable":true,"href":"https:\/\/plazajuarez.mx\/historico\/wp-json\/wp\/v2\/categories?post=68631"},{"taxonomy":"post_tag","embeddable":true,"href":"https:\/\/plazajuarez.mx\/historico\/wp-json\/wp\/v2\/tags?post=68631"}],"curies":[{"name":"wp","href":"https:\/\/api.w.org\/{rel}","templated":true}]}}