{"id":68630,"date":"2018-08-13T11:36:18","date_gmt":"2018-08-13T11:36:18","guid":{"rendered":"http:\/\/plazajuarez.mx\/index\/index.php\/2018\/08\/13\/salma-hayek-vuelve-a-lucirse-al-natural\/"},"modified":"2018-08-13T11:36:18","modified_gmt":"2018-08-13T11:36:18","slug":"salma-hayek-vuelve-a-lucirse-al-natural","status":"publish","type":"post","link":"https:\/\/plazajuarez.mx\/historico\/salma-hayek-vuelve-a-lucirse-al-natural\/","title":{"rendered":"Salma Hayek vuelve a lucirse al natural"},"content":{"rendered":"<p>Durante sus recientes vacaciones de verano, Salma ha mostrado a sus seguidores varias im\u00e1genes de ella en bikini y sin maquillaje<\/p>\n<p>  <!--more-->  <\/p>\n<p>La actriz mexicana Salma Hayek volvi\u00f3 a mostrarse al natural en unas fotograf\u00edas que comparti\u00f3 en Instagram.<br \/>Durante sus recientes vacaciones de verano, Salma ha mostrado a sus seguidores varias im\u00e1genes de ella en bikini y sin maquillaje.<br \/>Este fin de semana comparti\u00f3 de nueva cuenta unas fotograf\u00edas en las que aparece sin gota de maquillaje y el con el cabello al viento.<br \/>La publicaci\u00f3n ya tiene m\u00e1s de 140 mil &#8220;me gusta&#8221; y m\u00e1s de mil comentarios.<br \/>Apenas hace unos d\u00edas, la actriz mexicana hab\u00eda lucido sus curvas con poca ropa.<\/p>\n","protected":false},"excerpt":{"rendered":"<p>Durante sus recientes vacaciones de verano, Salma ha mostrado a sus seguidores varias im\u00e1genes de ella en bikini y sin maquillaje<\/p>\n","protected":false},"author":93,"featured_media":0,"comment_status":"open","ping_status":"open","sticky":false,"template":"","format":"standard","meta":{"footnotes":""},"categories":[38],"tags":[],"class_list":["post-68630","post","type-post","status-publish","format-standard","hentry","category-show"],"_links":{"self":[{"href":"https:\/\/plazajuarez.mx\/historico\/wp-json\/wp\/v2\/posts\/68630","targetHints":{"allow":["GET"]}}],"collection":[{"href":"https:\/\/plazajuarez.mx\/historico\/wp-json\/wp\/v2\/posts"}],"about":[{"href":"https:\/\/plazajuarez.mx\/historico\/wp-json\/wp\/v2\/types\/post"}],"author":[{"embeddable":true,"href":"https:\/\/plazajuarez.mx\/historico\/wp-json\/wp\/v2\/users\/93"}],"replies":[{"embeddable":true,"href":"https:\/\/plazajuarez.mx\/historico\/wp-json\/wp\/v2\/comments?post=68630"}],"version-history":[{"count":0,"href":"https:\/\/plazajuarez.mx\/historico\/wp-json\/wp\/v2\/posts\/68630\/revisions"}],"wp:attachment":[{"href":"https:\/\/plazajuarez.mx\/historico\/wp-json\/wp\/v2\/media?parent=68630"}],"wp:term":[{"taxonomy":"category","embeddable":true,"href":"https:\/\/plazajuarez.mx\/historico\/wp-json\/wp\/v2\/categories?post=68630"},{"taxonomy":"post_tag","embeddable":true,"href":"https:\/\/plazajuarez.mx\/historico\/wp-json\/wp\/v2\/tags?post=68630"}],"curies":[{"name":"wp","href":"https:\/\/api.w.org\/{rel}","templated":true}]}}