{"id":68280,"date":"2018-08-06T22:20:53","date_gmt":"2018-08-06T22:20:53","guid":{"rendered":"http:\/\/plazajuarez.mx\/index\/index.php\/2018\/08\/06\/detienen-a-presunto-asesino-de-maestra-y-alumna-de-la-unam\/"},"modified":"2018-08-06T22:20:53","modified_gmt":"2018-08-06T22:20:53","slug":"detienen-a-presunto-asesino-de-maestra-y-alumna-de-la-unam","status":"publish","type":"post","link":"https:\/\/plazajuarez.mx\/historico\/detienen-a-presunto-asesino-de-maestra-y-alumna-de-la-unam\/","title":{"rendered":"Detienen a presunto asesino de maestra y alumna de la UNAM"},"content":{"rendered":"<p style=\"text-align: justify;\">Elementos de la PGJ detuvieron a Alan &#8220;N&#8221; por su probable participaci\u00f3n en los homicidios de Graciela Cifuentes y su hija Sol, estudiante de Arquitectura de la misma casa de estudios<\/p>\n<p>  <!--more-->  <\/p>\n<p style=\"text-align: justify;\">Elementos de la Procuradur\u00eda General de Justicia de la Ciudad de M\u00e9xico detuvieron el pasado viernes al probable asesino de la profesora de la Universidad Nacional Aut\u00f3noma de M\u00e9xico (UNAM), Graciela Cifuentes y su hija Sol, estudiante de Arquitectura de la misma casa de estudios.<\/p>\n<p style=\"text-align: justify;\">Seg\u00fan los primeros reportes, el imputado era la pareja sentimental de la joven.<\/p>\n<p style=\"text-align: justify;\">Los primeros peritajes revelaron que el detenido asesin\u00f3 a las mujeres cuando Sol intent\u00f3 romper la relaci\u00f3n que ten\u00eda con \u00e9l; para borrar toda evidencia, incendi\u00f3 el domicilio junto con los cuerpos.<\/p>\n<p style=\"text-align: justify;\">La maestra Graciela Cifuentes y su hija Sol, fueron encontradas calcinadas dentro de su domicilio en las inmediaciones de la colonia Santa Rosa Xochiac, de la delegaci\u00f3n \u00c1lvaro Obreg\u00f3n en marzo pasado.<\/p>\n<p style=\"text-align: justify;\">El sospechoso, Alan &#8220;N&#8221;, de 25 a\u00f1os de edad, intent\u00f3 enga\u00f1ar a las autoridades &#8220;revolviendo&#8221; todo, para que se pensara que el m\u00f3vil fue un robo.<\/p>\n<p style=\"text-align: justify;\">Sin embargo, el trabajo de los agentes investigadores de la Procuradur\u00eda capitalina, junto con la Polic\u00eda Cibern\u00e9tica, establecieron que el d\u00eda de los hechos, Alan &#8220;N&#8221;, estuvo en la casa cerca de dos horas, es decir, antes y despu\u00e9s del homicidio, as\u00ed lo revel\u00f3 el GPS del celular del detenido.<\/p>\n<p style=\"text-align: justify;\">La dependencia local indic\u00f3 que con ayuda del tel\u00e9fono del Alan &#8220;N&#8221; se logr\u00f3 su captura.<\/p>\n<p style=\"text-align: justify;\">De comprobarse su participaci\u00f3n en el doble homicidio, el imputado podr\u00eda permanecer hasta 120 a\u00f1os en prisi\u00f3n.<\/p>\n","protected":false},"excerpt":{"rendered":"<p>Elementos de la PGJ detuvieron a Alan &#8220;N&#8221; por su probable participaci\u00f3n en los homicidios de Graciela Cifuentes y su hija Sol, estudiante de Arquitectura de la misma casa de estudios<\/p>\n","protected":false},"author":1,"featured_media":0,"comment_status":"open","ping_status":"open","sticky":false,"template":"","format":"standard","meta":{"footnotes":""},"categories":[37],"tags":[],"class_list":["post-68280","post","type-post","status-publish","format-standard","hentry","category-barandilla"],"_links":{"self":[{"href":"https:\/\/plazajuarez.mx\/historico\/wp-json\/wp\/v2\/posts\/68280","targetHints":{"allow":["GET"]}}],"collection":[{"href":"https:\/\/plazajuarez.mx\/historico\/wp-json\/wp\/v2\/posts"}],"about":[{"href":"https:\/\/plazajuarez.mx\/historico\/wp-json\/wp\/v2\/types\/post"}],"author":[{"embeddable":true,"href":"https:\/\/plazajuarez.mx\/historico\/wp-json\/wp\/v2\/users\/1"}],"replies":[{"embeddable":true,"href":"https:\/\/plazajuarez.mx\/historico\/wp-json\/wp\/v2\/comments?post=68280"}],"version-history":[{"count":0,"href":"https:\/\/plazajuarez.mx\/historico\/wp-json\/wp\/v2\/posts\/68280\/revisions"}],"wp:attachment":[{"href":"https:\/\/plazajuarez.mx\/historico\/wp-json\/wp\/v2\/media?parent=68280"}],"wp:term":[{"taxonomy":"category","embeddable":true,"href":"https:\/\/plazajuarez.mx\/historico\/wp-json\/wp\/v2\/categories?post=68280"},{"taxonomy":"post_tag","embeddable":true,"href":"https:\/\/plazajuarez.mx\/historico\/wp-json\/wp\/v2\/tags?post=68280"}],"curies":[{"name":"wp","href":"https:\/\/api.w.org\/{rel}","templated":true}]}}