{"id":68277,"date":"2018-08-06T18:53:59","date_gmt":"2018-08-06T18:53:59","guid":{"rendered":"http:\/\/plazajuarez.mx\/index\/index.php\/2018\/08\/06\/inauguracion-de-la-primera-feria-diconsa-hidalgo\/"},"modified":"2018-08-06T18:53:59","modified_gmt":"2018-08-06T18:53:59","slug":"inauguracion-de-la-primera-feria-diconsa-hidalgo","status":"publish","type":"post","link":"https:\/\/plazajuarez.mx\/historico\/inauguracion-de-la-primera-feria-diconsa-hidalgo\/","title":{"rendered":"Inauguraci\u00f3n de la Primera Feria Diconsa Hidalgo"},"content":{"rendered":"<p style=\"text-align: justify;\">\u00a0Cabe destacar que m\u00e1s de 1 mil personas dieron cita a esta magna feria.<\/p>\n<p>  <!--more-->  <\/p>\n<p style=\"text-align: justify;\">Diconsa Sucursal Hidalgo, dio inici\u00f3 a la \u201cPrimera Feria Diconsa 2018\u201d como parte de su primera estrategia, a fin de mantener la garant\u00eda de abasto de las comunidades rurales y el impulso a la econom\u00eda regional.<\/p>\n<p style=\"text-align: justify;\">Al inaugurar el evento, el gerente de Diconsa Sucursal Hidalgo, Alfredo Tovar G\u00f3mez, inform\u00f3 que este acercamiento con la comunidad hidalguense y los proveedores renueva el compromiso del Gobierno Federal a trabajar conjuntamente con la iniciativa privada, llevar abasto a las zonas rurales m\u00e1s apartadas y promover los productos.<\/p>\n<p style=\"text-align: justify;\">\u201cCon ello, adem\u00e1s de cumplir con el abasto, se reactiva la econom\u00eda regional\u201d, dijo.<\/p>\n<p style=\"text-align: justify;\">En el marco de este evento que se llev\u00f3 a cabo en el Auditorio Municipal de San Bartolo Tutotepec, Tovar G\u00f3mez reiter\u00f3 que \u201cla idea es tener cubierto 100 por ciento el estado, porque su objetivo es de llegar a todos los hidalguenses y apoyarlos en su econom\u00eda principalmente, a todos aquellos que menos tienen y m\u00e1s lo necesitan\u201d.<\/p>\n<p style=\"text-align: justify;\">El presidente municipal de San Bartolo Tutotepec, Francisco Uriel Islas Trejo, destac\u00f3 el acercamiento que existe entre el ayuntamiento y Diconsa, para acercar a la gente la gama de servicios institucionales que proporcionan informaci\u00f3n sobre programas sociales que beneficien a la poblaci\u00f3n, adem\u00e1s por la promoci\u00f3n y el acercamiento de servicios y apoyos a la gente en sus propios lugares de residencia.<\/p>\n<p style=\"text-align: justify;\">En la feria se colocaron diferentes m\u00f3dulos de atenci\u00f3n, de la Secretar\u00eda de Salud, adem\u00e1s de los productores, que dieron a conocer sus art\u00edculos de primera necesidad.<\/p>\n<p style=\"text-align: justify;\">Al evento asistieron los delegados del Gobierno Federal, presidentes comunitarios, los jefes de almac\u00e9n, y funcionaros del gobierno municipal de este municipio.<\/p>\n<p style=\"text-align: justify;\">\u00a0Cabe destacar que m\u00e1s de 1 mil personas dieron cita a esta magna feria.<\/p>\n<p style=\"text-align: justify;\">Finalmente, Tovar G\u00f3mez reconoci\u00f3 que con esto se busca mejorar la calidad de vida de los habitantes de esta localidad, al traer los productos a muy buenos precios, gracias al impulso del presidente Enrique Pe\u00f1a Nieto, del gobernador de estado de Hidalgo, Omar Fayad Meneses, y del director general de Diconsa, Orlando Alfonso Olgu\u00edn Miranda.<\/p>\n<p style=\"text-align: justify;\">Por su parte a nombre de los encargados de las tiendas de esta regi\u00f3n, Mar\u00eda Dolores Encarnaci\u00f3n Moreno, comparti\u00f3 su experiencia exitosa, \u201cquien reiter\u00f3 con orgullo su tarea de participar con su comunidad y con su regi\u00f3n, quien pone a su disposici\u00f3n los productos de la canasta b\u00e1sica a precios accesibles, sin \u00a0tener que viajar por los caminos que de por si son muy largos y costosos\u201d.<\/p>\n<p style=\"text-align: justify;\">\u00a0<\/p>\n","protected":false},"excerpt":{"rendered":"<p>\u00a0Cabe destacar que m\u00e1s de 1 mil personas dieron cita a esta magna feria.<\/p>\n","protected":false},"author":1,"featured_media":0,"comment_status":"open","ping_status":"open","sticky":false,"template":"","format":"standard","meta":{"footnotes":""},"categories":[59],"tags":[],"class_list":["post-68277","post","type-post","status-publish","format-standard","hentry","category-general"],"_links":{"self":[{"href":"https:\/\/plazajuarez.mx\/historico\/wp-json\/wp\/v2\/posts\/68277","targetHints":{"allow":["GET"]}}],"collection":[{"href":"https:\/\/plazajuarez.mx\/historico\/wp-json\/wp\/v2\/posts"}],"about":[{"href":"https:\/\/plazajuarez.mx\/historico\/wp-json\/wp\/v2\/types\/post"}],"author":[{"embeddable":true,"href":"https:\/\/plazajuarez.mx\/historico\/wp-json\/wp\/v2\/users\/1"}],"replies":[{"embeddable":true,"href":"https:\/\/plazajuarez.mx\/historico\/wp-json\/wp\/v2\/comments?post=68277"}],"version-history":[{"count":0,"href":"https:\/\/plazajuarez.mx\/historico\/wp-json\/wp\/v2\/posts\/68277\/revisions"}],"wp:attachment":[{"href":"https:\/\/plazajuarez.mx\/historico\/wp-json\/wp\/v2\/media?parent=68277"}],"wp:term":[{"taxonomy":"category","embeddable":true,"href":"https:\/\/plazajuarez.mx\/historico\/wp-json\/wp\/v2\/categories?post=68277"},{"taxonomy":"post_tag","embeddable":true,"href":"https:\/\/plazajuarez.mx\/historico\/wp-json\/wp\/v2\/tags?post=68277"}],"curies":[{"name":"wp","href":"https:\/\/api.w.org\/{rel}","templated":true}]}}