{"id":68256,"date":"2018-08-06T05:17:08","date_gmt":"2018-08-06T05:17:08","guid":{"rendered":"http:\/\/plazajuarez.mx\/index\/index.php\/2018\/08\/06\/amlo-amor-y-paz-con-daniel-ortega\/"},"modified":"2018-08-06T05:17:08","modified_gmt":"2018-08-06T05:17:08","slug":"amlo-amor-y-paz-con-daniel-ortega","status":"publish","type":"post","link":"https:\/\/plazajuarez.mx\/historico\/amlo-amor-y-paz-con-daniel-ortega\/","title":{"rendered":"AMLO, Amor y Paz con Daniel Ortega"},"content":{"rendered":"<p>Submarino Pol\u00edtico<br \/>\u00a0\u00a0 \u00a0\u2022\u00a0\u00a0 \u00a0Es preocupante que AMLO d\u00e9 una respuesta de &#8220;amor y paz&#8221; cuando los medios de comunicaci\u00f3n le piden una postura respecto a la crisis de derechos humanos en Nicaragua. Y los dem\u00e1s m\u00e9todos que tienen los escapistas a nivel de Morena van quedando claros, para defender la atrocidad en Nicaragua, para mantener a Daniel Ortega en el poder.\u2028<\/p>\n<p>  <!--more-->  <\/p>\n<p>D\u00edas lluviosos para los derechos humanos en Nicaragua, Daniel Ortega ha enloquecido. <br \/>El presidente nicarag\u00fcense pas\u00f3 de revolucionario a dictador. La revoluci\u00f3n sandinista, que derroc\u00f3 a finales del siglo pasado a Anastasio Somoza Debayle (\u00bfles suena el apellido al &#8220;cuentahabiente&#8221;?), fracas\u00f3 y demostr\u00f3 una de las m\u00e1ximas de la pol\u00edtica; &#8220;el poder absoluto corrompe absolutamente&#8221;.<br \/>Es preocupante que AMLO d\u00e9 una respuesta de &#8220;amor y paz&#8221; cuando los medios de comunicaci\u00f3n le piden una postura respecto a la crisis de derechos humanos en Nicaragua. Y los dem\u00e1s m\u00e9todos que tienen los escapistas a nivel de Morena van quedando claros, para defender la atrocidad en Nicaragua, para mantener a Daniel Ortega en el poder. <br \/>No es posible apelar al principio de libre autodeterminaci\u00f3n de los pueblos cuando los derechos humanos est\u00e1n en medio del conflicto. As\u00ed lo hizo el diputado Juan Romero Tenorio (MORENA) en el pleno de la Comisi\u00f3n Permanente del Congreso de la Uni\u00f3n al intentar frenar un punto de acuerdo donde el Congreso condena la violencia gubernamental en Nicaragua.<br \/>Qui\u00e9n lo iba a decir, Jes\u00fas Zambrano, desde una metaf\u00f3rica lancha salvavidas hecha con los restos del sol azteca, le record\u00f3 al morenista que su partido respald\u00f3 a Daniel Ortega: En el Foro de Sao Paulo, del que participa tambi\u00e9n el PRD, Morena y el PT, que son de esta bancada del virtual presidente electo, promovi\u00f3 un punto de acuerdo de solidaridad con Nicaragua, pero al gobierno de Daniel Ortega, que es el que est\u00e1 violando los derechos humanos de la poblaci\u00f3n civil en ese pa\u00eds. <br \/>La segunda maroma del espect\u00e1culo del escapista se da en la pista de Marcelo Ebrard, el pr\u00f3ximo canciller apela a que el gobierno no ha entrado en funciones. Lo cual de ninguna manera es excusa para fijar una postura congruente con el sentido com\u00fan. La hora de sacar el progresismo, pues, aunque sea contra los aliados progres trasnochados en Nicaragua. <br \/>No podemos hablar de &#8220;libre autodeterminaci\u00f3n&#8221; cuando la presidenta nacional de Morena Yeidckol Polevnsky, dijo al respecto en Managua (julio de 2017) que &#8220;supuestas&#8221; violaciones de los derechos humanos persegu\u00edan la injerencia y el derecho de intervenci\u00f3n&#8221;. <br \/>Una serie de hechos aparentemente inconexos dan fuerza a la teor\u00eda de que M\u00e9xico se integrar\u00e1 a la Revoluci\u00f3n Bolivariana a partir del pr\u00f3ximo uno de diciembre. <br \/>Bit\u00e1cora de lo absurdo<br \/>El Full Monthy viene con todo. Ya hac\u00eda falta que llegara un personaje rid\u00edculo para poner las risas con su humor involuntario. Gerardo Fern\u00e1ndez Noro\u00f1a comparti\u00f3 una foto en redes sociales donde posa alegre con su &#8220;compa\u00f1ero de lucha&#8221; Manuel Bartlett D\u00edaz. \u00bfEn cu\u00e1les luchas habr\u00e1 participado Noro\u00f1a con el poblano en el pancracio de la pol\u00edtica? \u00bfFue en el fraude del 88; acaso fue en las protestas encuerado afuera de Palacio Nacional o los m\u00edtines en calzones protagonizados afuera de la, todav\u00eda, residencial oficial de Los Pinos? Nadie sabe para qui\u00e9n protesta. <br \/>Twitter: @LeoAgusto<\/p>\n","protected":false},"excerpt":{"rendered":"<p>Submarino Pol\u00edtico\u00a0\u00a0 \u00a0\u2022\u00a0\u00a0 \u00a0Es preocupante que AMLO d\u00e9 una respuesta de &#8220;amor y paz&#8221; cuando los medios de comunicaci\u00f3n le piden una postura respecto a la crisis de derechos humanos en Nicaragua. Y los dem\u00e1s m\u00e9todos que tienen los escapistas a nivel de Morena van quedando claros, para defender la atrocidad en Nicaragua, para mantener [&hellip;]<\/p>\n","protected":false},"author":93,"featured_media":0,"comment_status":"open","ping_status":"open","sticky":false,"template":"","format":"standard","meta":{"footnotes":""},"categories":[42],"tags":[],"class_list":["post-68256","post","type-post","status-publish","format-standard","hentry","category-nuestrapalabra"],"_links":{"self":[{"href":"https:\/\/plazajuarez.mx\/historico\/wp-json\/wp\/v2\/posts\/68256","targetHints":{"allow":["GET"]}}],"collection":[{"href":"https:\/\/plazajuarez.mx\/historico\/wp-json\/wp\/v2\/posts"}],"about":[{"href":"https:\/\/plazajuarez.mx\/historico\/wp-json\/wp\/v2\/types\/post"}],"author":[{"embeddable":true,"href":"https:\/\/plazajuarez.mx\/historico\/wp-json\/wp\/v2\/users\/93"}],"replies":[{"embeddable":true,"href":"https:\/\/plazajuarez.mx\/historico\/wp-json\/wp\/v2\/comments?post=68256"}],"version-history":[{"count":0,"href":"https:\/\/plazajuarez.mx\/historico\/wp-json\/wp\/v2\/posts\/68256\/revisions"}],"wp:attachment":[{"href":"https:\/\/plazajuarez.mx\/historico\/wp-json\/wp\/v2\/media?parent=68256"}],"wp:term":[{"taxonomy":"category","embeddable":true,"href":"https:\/\/plazajuarez.mx\/historico\/wp-json\/wp\/v2\/categories?post=68256"},{"taxonomy":"post_tag","embeddable":true,"href":"https:\/\/plazajuarez.mx\/historico\/wp-json\/wp\/v2\/tags?post=68256"}],"curies":[{"name":"wp","href":"https:\/\/api.w.org\/{rel}","templated":true}]}}