{"id":68255,"date":"2018-08-06T05:16:46","date_gmt":"2018-08-06T05:16:46","guid":{"rendered":"http:\/\/plazajuarez.mx\/index\/index.php\/2018\/08\/06\/ecos-del-88\/"},"modified":"2018-08-06T05:16:46","modified_gmt":"2018-08-06T05:16:46","slug":"ecos-del-88","status":"publish","type":"post","link":"https:\/\/plazajuarez.mx\/historico\/ecos-del-88\/","title":{"rendered":"Ecos del &#8217;88"},"content":{"rendered":"<p>\u00a0 \u2022\u00a0\u00a0 \u00a020 a\u00f1os despu\u00e9s del &#8217;88, De la Madrid dijo a la periodista Martha Anaya: &#8220;Fueron unas elecciones muy re\u00f1idas que arrojaron sorpresivamente una votaci\u00f3n muy cerrada, en las que Salinas gan\u00f3 por un margen estrecho al que no est\u00e1bamos acostumbrados&#8221;\u2028<\/p>\n<p>  <!--more-->  <\/p>\n<p>Hace 30 a\u00f1os, por estas fechas, el pa\u00eds estaba en plena agitaci\u00f3n callejera por lo que la mayor\u00eda consider\u00f3 un magno-fraude que probablemente le arrebat\u00f3 la presidencia a Cuauht\u00e9moc C\u00e1rdenas. Hab\u00eda incluso ansiedad sobre la estabilidad pol\u00edtica. Esa candidatura surgi\u00f3 de la ruptura de un grupo de pri\u00edstas que vieron mal el viraje econ\u00f3mico de Miguel de la Madrid hacia el neoliberalismo. Decidieron formar la Corriente Democr\u00e1tica. Al enterarse que el candidato del PRI ser\u00eda Salinas de Gortari, decidieron romper, pues ello implicaba la continuidad del nuevo modelo al que se opon\u00edan. De ah\u00ed naci\u00f3 el PRD, y de \u00e9ste surge Morena, heredero natural de aquella ruptura. <br \/>20 a\u00f1os despu\u00e9s del &#8217;88, De la Madrid dijo a la periodista Martha Anaya: &#8220;Fueron unas elecciones muy re\u00f1idas que arrojaron sorpresivamente una votaci\u00f3n muy cerrada, en las que Salinas gan\u00f3 por un margen estrecho al que no est\u00e1bamos acostumbrados&#8221;. Pero oficialmente Salinas tuvo cerca de 20 % de ventaja; no fue cerrado el margen, lo que supone el reconocimiento impl\u00edcito de De la Madrid de que hubo un enorme fraude. Por su parte, Bartlett, defendi\u00f3 la elecci\u00f3n: le dijo a la periodista: &#8220;Todo se manej\u00f3 bien, conforme a la ley. Al tercer d\u00eda se dio toda la informaci\u00f3n\u2026 Por primera vez una transparencia absoluta (\u00bf\u00bf??) hicimos una ley electoral para abrir precisamente los resultados\u2026 (Pero) Yo no tuve los paquetes electorales\u2026Yo no me acuerdo de las actas, si estaban ah\u00ed ni siquiera las analizamos&#8221;. Pues vaya organizaci\u00f3n de la Comisi\u00f3n Federal Electoral. Pero De la Madrid asegur\u00f3 que Bartlett le aconsej\u00f3: &#8220;Viene tan mal la votaci\u00f3n que si damos a conocer estos resultados se va a afianzar la idea de que el PRI ya perdi\u00f3; mejor esperar&#8221;. De ah\u00ed la orden de bajar el switch (1988; el a\u00f1o que call\u00f3 el sistema. 2008). Y est\u00e1n tambi\u00e9n otros fraudes en ese sexenio; Sonora, Durango, Chihuahua.<br \/>Como sea, el &#8217;88 fue un punto de quiebre del r\u00e9gimen pri\u00edsta que tuvo que irse abriendo de manera m\u00e1s clara (IFE, reconocimiento de triunfos opositores, leyes electorales que sucesivamente permit\u00edan una mayor competitividad). Gracias a ese largo proceso fue posible tanto la alternancia de Fox en 2000, como ahora la que encabeza L\u00f3pez Obrador. Por todo lo cual puede considerarse que el triunfo de L\u00f3pez Obrador reivindica a ese movimiento del que surgi\u00f3 el PRD y luego Morena. El mismo modelo que defend\u00eda la Corriente Democr\u00e1tica es el que ha enarbolado AMLO. De ah\u00ed que algunos hayan expresado que en julio votaron por L\u00f3pez Obrador en reivindicaci\u00f3n a aqu\u00e9l movimiento del &#8217;88. Pues vaya chasco se habr\u00e1n llevado al ver a Bartlett formando parte de este gobierno del &#8220;cambio verdadero&#8221;. Pol\u00edticamente, Bartlett simboliza exactamente lo contrario a los valores que AMLO dice enarbolar. Muchos morenistas salen a defender lo indefendible para justificar todo lo que decide el L\u00edder nato de Morena; Bartlett no hizo el fraude; s\u00f3lo obedeci\u00f3 \u00f3rdenes; todos tienen derecho a una segunda oportunidad; es un adalid del nacionalismo. Y sin embargo, Bartlett reivindica la reforma de Pe\u00f1a: &#8220;Yo estuve en contra de la Reforma Energ\u00e9tica aqu\u00ed en la Tribuna, pero la Reforma Energ\u00e9tica est\u00e1 funcionando (&#8230;) Andr\u00e9s Manuel ya dijo con toda claridad que no va a hacer reformas constitucionales, vamos a estar respetando la estructura que existe en la Reforma Energ\u00e9tica\u2026 que son estas reglas del mercado&#8230;&#8221; (1\/Agosto). Si es as\u00ed, entonces la reforma energ\u00e9tica no estaban tan mal como hab\u00eda dicho AMLO, y s\u00f3lo cabr\u00eda ajustarla y limpiarla. Otros piensan que esta declaraci\u00f3n de Bartlett es s\u00f3lo para tranquilizar mercados, pero el embate estatizador vendr\u00e1 m\u00e1s adelante. Habr\u00e1 que verlo. Por lo pronto, Morena hace gala de desmemoria e incongruencia de valores y postulados \u00e9ticos, que se supone es lo que lo distingue de los dem\u00e1s (un &#8220;referente moral&#8221;, lo llam\u00f3 AMLO). Ya se ve que no tanto. <br \/>Twitter: @JACrespo1<\/p>\n","protected":false},"excerpt":{"rendered":"<p>\u00a0 \u2022\u00a0\u00a0 \u00a020 a\u00f1os despu\u00e9s del &#8217;88, De la Madrid dijo a la periodista Martha Anaya: &#8220;Fueron unas elecciones muy re\u00f1idas que arrojaron sorpresivamente una votaci\u00f3n muy cerrada, en las que Salinas gan\u00f3 por un margen estrecho al que no est\u00e1bamos acostumbrados&#8221;\u2028<\/p>\n","protected":false},"author":93,"featured_media":0,"comment_status":"open","ping_status":"open","sticky":false,"template":"","format":"standard","meta":{"footnotes":""},"categories":[42],"tags":[],"class_list":["post-68255","post","type-post","status-publish","format-standard","hentry","category-nuestrapalabra"],"_links":{"self":[{"href":"https:\/\/plazajuarez.mx\/historico\/wp-json\/wp\/v2\/posts\/68255","targetHints":{"allow":["GET"]}}],"collection":[{"href":"https:\/\/plazajuarez.mx\/historico\/wp-json\/wp\/v2\/posts"}],"about":[{"href":"https:\/\/plazajuarez.mx\/historico\/wp-json\/wp\/v2\/types\/post"}],"author":[{"embeddable":true,"href":"https:\/\/plazajuarez.mx\/historico\/wp-json\/wp\/v2\/users\/93"}],"replies":[{"embeddable":true,"href":"https:\/\/plazajuarez.mx\/historico\/wp-json\/wp\/v2\/comments?post=68255"}],"version-history":[{"count":0,"href":"https:\/\/plazajuarez.mx\/historico\/wp-json\/wp\/v2\/posts\/68255\/revisions"}],"wp:attachment":[{"href":"https:\/\/plazajuarez.mx\/historico\/wp-json\/wp\/v2\/media?parent=68255"}],"wp:term":[{"taxonomy":"category","embeddable":true,"href":"https:\/\/plazajuarez.mx\/historico\/wp-json\/wp\/v2\/categories?post=68255"},{"taxonomy":"post_tag","embeddable":true,"href":"https:\/\/plazajuarez.mx\/historico\/wp-json\/wp\/v2\/tags?post=68255"}],"curies":[{"name":"wp","href":"https:\/\/api.w.org\/{rel}","templated":true}]}}