{"id":68254,"date":"2018-08-06T05:16:34","date_gmt":"2018-08-06T05:16:34","guid":{"rendered":"http:\/\/plazajuarez.mx\/index\/index.php\/2018\/08\/06\/la-soledad-de-instagram\/"},"modified":"2018-08-06T05:16:34","modified_gmt":"2018-08-06T05:16:34","slug":"la-soledad-de-instagram","status":"publish","type":"post","link":"https:\/\/plazajuarez.mx\/historico\/la-soledad-de-instagram\/","title":{"rendered":"La soledad de Instagram"},"content":{"rendered":"<p>\u00a0\u00a0\u00a0 \u2022\u00a0\u00a0 \u00a0La pregunta es pertinente en el marco del boom de las redes sociales. Las redes no transforman por s\u00ed mismas nuestras necesidades y conductas, pero s\u00ed acent\u00faan algunas de ella\u2028<\/p>\n<p>  <!--more-->  <\/p>\n<p>&#8220;Captan al hombre m\u00e1s solitario del mundo&#8221;, ley\u00f3 un encabezado que dio la vuelta al mundo el pasado 20 de julio. Se trataba de un video en el que se ve\u00eda al \u00faltimo sobreviviente de una tribu amaz\u00f3nica abrirse paso entre la selva. Hasta el momento no ha habido contacto directo con \u00e9l y los raros intentos de interacci\u00f3n han sido respondidos con flechazos; nada m\u00e1s heroico que un hombre defendiendo su soledad en un mundo que exige la socializaci\u00f3n y la homogeneizaci\u00f3n. Pero hay algo que quiz\u00e1s nunca podremos saber. \u00bfSabe que est\u00e1 siendo vigilado? \u00bfle tranquiliza la idea de que alguien lo est\u00e1 viendo?<br \/>La pregunta es pertinente en el marco del boom de las redes sociales. Las redes no transforman por s\u00ed mismas nuestras necesidades y conductas, pero s\u00ed acent\u00faan algunas de ellas. Durante el siglo XVIII muchos fil\u00f3sofos entraron en un debate; si un \u00e1rbol se cae en medio del bosque y nadie lo ve, \u00bfexisti\u00f3? La respuesta del mundo de las redes sociales es muy sencilla: No. Existes en la medida en que eres visto. El individualismo no ha reemplazado la necesidad gregaria del ser humano solo ha alterado su significado: no hay nada que exalte m\u00e1s al individuo que el hecho de ser reconocido como tal por el conjunto.<br \/>Esta es la consigna que ha vuelto a Instagram una de las redes sociales m\u00e1s populares del mundo. Con m\u00e1s de 800 millones de usuarios y 40 billones de fotos, Instagram ha entendido que la idea que lo sostiene es la de la creaci\u00f3n de la marca-individuo; cada ser humano se reinterpreta desde una visi\u00f3n de mercadotecnia donde \u00e9l o ella es el producto y la moneda de cambio es la interacci\u00f3n digital con la comunidad. En Instagram curamos nuestra marca: escogemos las fotos en las que mejor salimos, recortamos fragmentos de nuestro mundo para dar una narrativa a nuestra vida y agregamos los filtros que hagan que todo sea envidiable. No es real pero es vendible.<br \/>Pero la genialidad m\u00e1s grande de esta red social es su sistema de &#8220;historias&#8221;. Se trata de peque\u00f1os videos que pueden subirse y compartirse por 24 horas; el \u00e9xito no yace en el video sino en una funcionalidad complementaria: las historias te permiten ver qui\u00e9n ha visto tu video. Esa es la clave del frenes\u00ed por Instagram; la posibilidad de saber qui\u00e9n te est\u00e1 vigilando. \u00bfMe est\u00e1 viendo la que me gusta? \u00bfLe gusto yo tambi\u00e9n? He aqu\u00ed el giro que Orwell nunca imagin\u00f3; una sociedad que le excita el saberse vigilada.<br \/>Todo esto tiene su costo. Un estudio de la Sociedad Real de Salud P\u00fablica en Inglaterra demostr\u00f3 que Instagram es la red que causa m\u00e1s ansiedad y depresi\u00f3n en los j\u00f3venes. Esto tiene varias explicaciones; por una parte Instagram crea la ilusi\u00f3n de que la vida del otro es mejor que la tuya, y por otra parte muestra el valor que dan otros a la narrativa de tu marca-vida. Cuando el \u00e9xito se mide por los observadores, no hay nada m\u00e1s angustiante que saber que la gente que te importa no te est\u00e1 mirando.<br \/>El hombre m\u00e1s solitario del mundo puede no estar en el amazonas sino detr\u00e1s de un celular usando Instagram. El sentido de la soledad es una construcci\u00f3n de las civilizaciones y sus modas y fobias, pero el sentirse solo tiene que ver con la correlaci\u00f3n entre presiones externas y aptitudes internas. Ni los seguidores ni las redes sociales nos vuelven menos solitarios, m\u00e1s bien en muchas ocasiones amplifican nuestro sentido de soledad de forma injustificada. Al darle un sentido de espect\u00e1culo a nuestras vida, las redes crean una presi\u00f3n por la socializaci\u00f3n de nuestras experiencias. Para miles de usuarios de Instagram lo que importan no son sus experiencias de vida, sino si estas son vistas por las comunidades digitales. No es dif\u00edcil deducir que esta presi\u00f3n por compartir y no por vivir crea soledad y ansiedad.<br \/>Al final de cuentas el individualismo digital tienen una trampa; como para poder ser individuos necesitamos que los otros lo avalen, nuestras experiencias individuales solo son validadas por la experiencia colectiva de ellas. El individualismo se justifica a partir de un gregarismo digital que carece de lazos emocionales o f\u00edsicos. No dejamos de ser gregarios pero el nuevo gregarismo es sumamente fr\u00edo y solitario. Nunca sabremos si el hombre del amazonas se sabe vigilado y si eso le causa confort, pero sabemos que es sumamente celoso de su aislamiento. \u00bfSer\u00e1 el hombre m\u00e1s solitario del mundo o simplemente ser\u00e1 el \u00faltimo superviviente de una cultura que no necesitaba del aval del otro para asumir su propia existencia?<\/p>\n","protected":false},"excerpt":{"rendered":"<p>\u00a0\u00a0\u00a0 \u2022\u00a0\u00a0 \u00a0La pregunta es pertinente en el marco del boom de las redes sociales. Las redes no transforman por s\u00ed mismas nuestras necesidades y conductas, pero s\u00ed acent\u00faan algunas de ella\u2028<\/p>\n","protected":false},"author":93,"featured_media":0,"comment_status":"open","ping_status":"open","sticky":false,"template":"","format":"standard","meta":{"footnotes":""},"categories":[42],"tags":[],"class_list":["post-68254","post","type-post","status-publish","format-standard","hentry","category-nuestrapalabra"],"_links":{"self":[{"href":"https:\/\/plazajuarez.mx\/historico\/wp-json\/wp\/v2\/posts\/68254","targetHints":{"allow":["GET"]}}],"collection":[{"href":"https:\/\/plazajuarez.mx\/historico\/wp-json\/wp\/v2\/posts"}],"about":[{"href":"https:\/\/plazajuarez.mx\/historico\/wp-json\/wp\/v2\/types\/post"}],"author":[{"embeddable":true,"href":"https:\/\/plazajuarez.mx\/historico\/wp-json\/wp\/v2\/users\/93"}],"replies":[{"embeddable":true,"href":"https:\/\/plazajuarez.mx\/historico\/wp-json\/wp\/v2\/comments?post=68254"}],"version-history":[{"count":0,"href":"https:\/\/plazajuarez.mx\/historico\/wp-json\/wp\/v2\/posts\/68254\/revisions"}],"wp:attachment":[{"href":"https:\/\/plazajuarez.mx\/historico\/wp-json\/wp\/v2\/media?parent=68254"}],"wp:term":[{"taxonomy":"category","embeddable":true,"href":"https:\/\/plazajuarez.mx\/historico\/wp-json\/wp\/v2\/categories?post=68254"},{"taxonomy":"post_tag","embeddable":true,"href":"https:\/\/plazajuarez.mx\/historico\/wp-json\/wp\/v2\/tags?post=68254"}],"curies":[{"name":"wp","href":"https:\/\/api.w.org\/{rel}","templated":true}]}}