{"id":68252,"date":"2018-08-06T05:16:06","date_gmt":"2018-08-06T05:16:06","guid":{"rendered":"http:\/\/plazajuarez.mx\/index\/index.php\/2018\/08\/06\/morena-a-la-escuelita-legislativa\/"},"modified":"2018-08-06T05:16:06","modified_gmt":"2018-08-06T05:16:06","slug":"morena-a-la-escuelita-legislativa","status":"publish","type":"post","link":"https:\/\/plazajuarez.mx\/historico\/morena-a-la-escuelita-legislativa\/","title":{"rendered":"Morena, a la escuelita legislativa"},"content":{"rendered":"<p>Bajo Reserva Expr\u00e9s<\/p>\n<p>  <!--more-->  <\/p>\n<p>Ya ganaron, ya son mayor\u00eda, pero ahora los senadores electos de Morena tendr\u00e1n que ir a la escuela para tener las nociones b\u00e1sicas de lo que hace un senador y c\u00f3mo lo hace.<br \/>Nos comentan que los senadores electos de Morena quieren dar la mejor impresi\u00f3n que no ser\u00e1n una mayor\u00eda &#8220;levanta dedos&#8221; en septiembre pr\u00f3ximo cuando inicie el periodo ordinario de sesiones de la 64 Legislatura.<br \/>El jueves pasado, nos detallan, el senador electo por Michoac\u00e1n, Crist\u00f3bal Arias, se aperson\u00f3 con los encargados de administraci\u00f3n y servicios parlamentarios de la C\u00e1mara Alta.<br \/>Tras una reuni\u00f3n de poco m\u00e1s de una hora, Arias acord\u00f3 los detalles para que los senadores afines a Andr\u00e9s Manuel L\u00f3pez Obrador tomen su \u201ccurso proped\u00e9utico\u201d y conozcan a detalle todos procedimientos legislativos para la discusi\u00f3n y presentaci\u00f3n de iniciativas, con el objeto que no los agarren en curva.<br \/>Aunque en la bancada hay pol\u00edticos expertos en el tema legislativo, tambi\u00e9n hay varios con experiencia cero en el oficio.<br \/>Nos dicen que como parte de sus cursos legislativos contar\u00e1n con ponentes del propio Senado para que adem\u00e1s de la teor\u00eda, sea un curso pr\u00e1ctico.<br \/>Arrancan los cursos de la &#8220;escuelita&#8221; legislativa. \u00bfTodos aprobar\u00e1n?<\/p>\n","protected":false},"excerpt":{"rendered":"<p>Bajo Reserva Expr\u00e9s<\/p>\n","protected":false},"author":93,"featured_media":0,"comment_status":"open","ping_status":"open","sticky":false,"template":"","format":"standard","meta":{"footnotes":""},"categories":[42],"tags":[],"class_list":["post-68252","post","type-post","status-publish","format-standard","hentry","category-nuestrapalabra"],"_links":{"self":[{"href":"https:\/\/plazajuarez.mx\/historico\/wp-json\/wp\/v2\/posts\/68252","targetHints":{"allow":["GET"]}}],"collection":[{"href":"https:\/\/plazajuarez.mx\/historico\/wp-json\/wp\/v2\/posts"}],"about":[{"href":"https:\/\/plazajuarez.mx\/historico\/wp-json\/wp\/v2\/types\/post"}],"author":[{"embeddable":true,"href":"https:\/\/plazajuarez.mx\/historico\/wp-json\/wp\/v2\/users\/93"}],"replies":[{"embeddable":true,"href":"https:\/\/plazajuarez.mx\/historico\/wp-json\/wp\/v2\/comments?post=68252"}],"version-history":[{"count":0,"href":"https:\/\/plazajuarez.mx\/historico\/wp-json\/wp\/v2\/posts\/68252\/revisions"}],"wp:attachment":[{"href":"https:\/\/plazajuarez.mx\/historico\/wp-json\/wp\/v2\/media?parent=68252"}],"wp:term":[{"taxonomy":"category","embeddable":true,"href":"https:\/\/plazajuarez.mx\/historico\/wp-json\/wp\/v2\/categories?post=68252"},{"taxonomy":"post_tag","embeddable":true,"href":"https:\/\/plazajuarez.mx\/historico\/wp-json\/wp\/v2\/tags?post=68252"}],"curies":[{"name":"wp","href":"https:\/\/api.w.org\/{rel}","templated":true}]}}