{"id":68251,"date":"2018-08-06T05:14:05","date_gmt":"2018-08-06T05:14:05","guid":{"rendered":"http:\/\/plazajuarez.mx\/index\/index.php\/2018\/08\/06\/contrapeso\/"},"modified":"2018-08-06T05:14:05","modified_gmt":"2018-08-06T05:14:05","slug":"contrapeso","status":"publish","type":"post","link":"https:\/\/plazajuarez.mx\/historico\/contrapeso\/","title":{"rendered":"Contrapeso"},"content":{"rendered":"<p>Vitral Pol\u00edtico<br \/>\u00a0\u00a0 \u00a0\u2022\u00a0\u00a0 \u00a0La certeza de Mu\u00f1oz Ledo se debe a que la mayor\u00eda absoluta, m\u00e1s de la mitad de los votos, de Morena y sus aliados clausura el mercado de votos en comisiones y en el pleno\u2028<\/p>\n<p>  <!--more-->  <\/p>\n<p>Porfirio Mu\u00f1oz Ledo, quien ha sido invitado por Andr\u00e9s Manuel L\u00f3pez Obrador a entregarle la banda presidencial en su toma de posesi\u00f3n, el 1 de diciembre pr\u00f3ximo, con la calidad de presidente del Congreso de la Uni\u00f3n, ha dicho que con las mayor\u00edas de Morena en las dos c\u00e1maras legislativas acaba la corrupci\u00f3n en el proceso legislativo. <br \/>La certeza de Mu\u00f1oz Ledo se debe a que la mayor\u00eda absoluta, m\u00e1s de la mitad de los votos, de Morena y sus aliados clausura el mercado de votos en comisiones y en el pleno. <br \/>La nueva oposici\u00f3n podr\u00e1 votar como desee y el bloque mayoritario s\u00f3lo por cortes\u00eda buscar\u00e1 consensos con un PRI y un PAN flacos, como quedaron en la \u00faltima carrera por el poder. Con los ojos cerrados, Morena reformar\u00e1 lo que quiera en cuesti\u00f3n de leyes. Para cambios constitucionales necesitar\u00e1 algo de esfuerzo, sin necesidad de acuerdos del tipo del Pacto por M\u00e9xico.<br \/>Quiere decir que el grupo en el poder no tendr\u00e1 freno, har\u00e1 lo que quiera. Esto lleva ciertos riesgos de cometer errores, excesos, de enfrentar la m\u00e1xima de Lord Acton, que se perfila como vaticinio: El poder tiende a corromper y el poder absoluto corrompe absolutamente. <br \/>Ante esto, urgen contrapesos en la relaci\u00f3n de los poderes Ejecutivo y Legislativo, y dentro de las mismas c\u00e1maras del Congreso. \u00bfC\u00f3mo decir desde la mayor\u00eda que una iniciativa de Andr\u00e9s Manuel L\u00f3pez Obrador se va a esperar un tiempo en la \u2018congeladora\u2019? \u00bfQui\u00e9n va a ser el primer morenista en cambiarle una coma a sus proyectos? <br \/>Habr\u00e1 que ver hacia la necesaria reforma del poder Legislativo, fortalecerlo con facultades de investigaci\u00f3n, como lo pueden realizar congresos como el de Estados Unidos, que tienen poder para llamar a funcionarios federales a interrogarlos sobre cuestiones cruciales. <br \/>Es tiempo de darle fuerza a las comisiones legislativas y que estas se ocupen m\u00e1s en el dise\u00f1o de leyes, en el enriquecimiento de los ordenamientos vigentes, en darle seguimiento a las reformas en aplicaci\u00f3n reciente, as\u00ed como en cumplir con el calendario de legislaciones obligadas por su propio trabajo previo. <br \/>Un Congreso de la Uni\u00f3n con una ruta de profesionalizaci\u00f3n, con menos tianguis en sus patios y m\u00e1s atenci\u00f3n en los foros tem\u00e1ticos que tengan que ver con el trabajo de legislar, sin duda dar\u00e1n margen a que las c\u00e1maras de Diputados y Senadores cumplan con sus funciones constitucionales y operar como contrapeso ante un Ejecutivo federal poderos\u00edsimo&#8230; <br \/>LUZ.\u2014 Este mi\u00e9rcoles, a las 16:00 horas, en la sede de la C\u00e1mara Alta, el presidente de la Comisi\u00f3n para Periodistas, Marco Antonio Bl\u00e1squez Salinas (PT-Morena), encabeza la ceremonia de la Cuarta Entrega de galardones a las Glorias de la Cr\u00f3nica Deportiva. Ser\u00e1n premiadas las trayectorias de Rodolfo S\u00e1nchez Noya, Teodoro Cano, David Braverman, Arturo Rivera y de manera especial a protagonistas de los XIX Juegos Ol\u00edmpicos, M\u00e9xico 68, a 50 a\u00f1os de dicho acontecimiento. Con esta distinci\u00f3n a profesionales de la informaci\u00f3n, culmina el esfuerzo del senador por Baja California por enaltecer el lugar de los periodistas en el M\u00e9xico actual&#8230; <br \/>MIRADOR.\u2014 Dwigth D. Eisenhower: &#8220;La pol\u00edtica deber\u00eda ser la profesi\u00f3n a tiempo parcial de todo ciudadano&#8221;&#8230;<\/p>\n","protected":false},"excerpt":{"rendered":"<p>Vitral Pol\u00edtico\u00a0\u00a0 \u00a0\u2022\u00a0\u00a0 \u00a0La certeza de Mu\u00f1oz Ledo se debe a que la mayor\u00eda absoluta, m\u00e1s de la mitad de los votos, de Morena y sus aliados clausura el mercado de votos en comisiones y en el pleno\u2028<\/p>\n","protected":false},"author":93,"featured_media":0,"comment_status":"open","ping_status":"open","sticky":false,"template":"","format":"standard","meta":{"footnotes":""},"categories":[42],"tags":[],"class_list":["post-68251","post","type-post","status-publish","format-standard","hentry","category-nuestrapalabra"],"_links":{"self":[{"href":"https:\/\/plazajuarez.mx\/historico\/wp-json\/wp\/v2\/posts\/68251","targetHints":{"allow":["GET"]}}],"collection":[{"href":"https:\/\/plazajuarez.mx\/historico\/wp-json\/wp\/v2\/posts"}],"about":[{"href":"https:\/\/plazajuarez.mx\/historico\/wp-json\/wp\/v2\/types\/post"}],"author":[{"embeddable":true,"href":"https:\/\/plazajuarez.mx\/historico\/wp-json\/wp\/v2\/users\/93"}],"replies":[{"embeddable":true,"href":"https:\/\/plazajuarez.mx\/historico\/wp-json\/wp\/v2\/comments?post=68251"}],"version-history":[{"count":0,"href":"https:\/\/plazajuarez.mx\/historico\/wp-json\/wp\/v2\/posts\/68251\/revisions"}],"wp:attachment":[{"href":"https:\/\/plazajuarez.mx\/historico\/wp-json\/wp\/v2\/media?parent=68251"}],"wp:term":[{"taxonomy":"category","embeddable":true,"href":"https:\/\/plazajuarez.mx\/historico\/wp-json\/wp\/v2\/categories?post=68251"},{"taxonomy":"post_tag","embeddable":true,"href":"https:\/\/plazajuarez.mx\/historico\/wp-json\/wp\/v2\/tags?post=68251"}],"curies":[{"name":"wp","href":"https:\/\/api.w.org\/{rel}","templated":true}]}}