{"id":67897,"date":"2018-07-31T12:12:01","date_gmt":"2018-07-31T12:12:01","guid":{"rendered":"http:\/\/plazajuarez.mx\/index\/index.php\/2018\/07\/31\/por-cuarta-ocasion-en-tres-semanas-foideh-cierra-avenidas-pachuquenas\/"},"modified":"2018-07-31T12:12:01","modified_gmt":"2018-07-31T12:12:01","slug":"por-cuarta-ocasion-en-tres-semanas-foideh-cierra-avenidas-pachuquenas","status":"publish","type":"post","link":"https:\/\/plazajuarez.mx\/historico\/por-cuarta-ocasion-en-tres-semanas-foideh-cierra-avenidas-pachuquenas\/","title":{"rendered":"Por cuarta ocasi\u00f3n en tres semanas, Foideh cierra avenidas pachuque\u00f1as"},"content":{"rendered":"<p>NOTA DE COLOR<br \/>Est\u00e1 ocasi\u00f3n fue avenida Madero<\/p>\n<p>  <!--more-->  <\/p>\n<p>Al ritmo de la melod\u00eda de D\u00f3nde Est\u00e1s Yolanda de La Sonora Santanera, pero cambiando el Yolanda por un Yoli Teller\u00eda, los agremiados de la Federaci\u00f3n de Organizaciones Independientes del Estado de Hidalgo (Foideh) se manifestaban ayer a las afueras del Comit\u00e9 Ejecutivo Estatal del Partido Acci\u00f3n Nacional (PAN).<br \/>\u00a0\u00a0 \u00a0Eran casi las tres de la tarde, cuando por segunda ocasi\u00f3n en el d\u00eda los comerciantes informales se colocaron a las afueras de la sede estatal del blanquiazul exigiendo, como en las otras tres ocasiones anteriores, un poco de atenci\u00f3n a sus demandas por parte de las autoridades municipales.<br \/>\u00a0\u00a0 \u00a0Mientras el sol ca\u00eda a plomo en las cabezas de algunos de los foidistas, algunas m\u00e1s descansaban en las jardineras del centro del bulevar, refugi\u00e1ndose bajo la sombra que otorgaban las palmeras tan caracter\u00edsticas de la avenida Madero, justo en el centro vial de la capital hidalguense.<br \/>\u00a0\u00a0 \u00a0Ya hab\u00eda sido v\u00edctima de los bloqueos por parte de los agremiados a la federaci\u00f3n hasta en tres ocasiones la avenida Benito Ju\u00e1rez frente a la plaza que lleva el apellido del Benem\u00e9rito de las Am\u00e9ricas, y tambi\u00e9n la calle Mariano Matamoros, en las inmediaciones del Reloj Monumental, as\u00ed que en esta ocasi\u00f3n fue Madero quien detuvo su tr\u00e1nsito en dos de los cuatro carriles para que este grupo de personas se manifestaran.<br \/>\u00a0\u00a0 \u00a0Al igual que la semana pasada y la antepasada, fuerzas municipales acudieron al lugar colocando un total de 27 patrullas y 60 elementos policiacos dando el tr\u00e1nsito en la zona, o m\u00e1s bien, a la expectativa de alguna acci\u00f3n por parte de los dirigidos por \u00d3scar Pelcastre. Lo cual estuvo a punto de suceder cuando una gr\u00faa quiso comenzar a quitar las unidades de los inconformes, por lo que fue empujada por un peque\u00f1o grupo de hombres, ante la rechifla de los que solo miraban.<br \/>\u00a0\u00a0 \u00a0Cerca estaban las tres y media, cuando uno de los comerciantes ped\u00eda calma a las casi cien personas que se encontraban en el lugar \u201cpronto llegar\u00e1n autoridades del PAN\u201d les dec\u00edan, pero cada vez el sol pegaba con mayor fuerza y aun cuando ofrec\u00edan vasos con agua, algunos se decantaron por los Bon Ice.<br \/>\u00a0\u00a0 \u00a0Mientras en el toldo de uno de los m\u00e1s de diez autom\u00f3viles estacionados a las afueras del partido se continuaba escuchando \u201cYolanda hoy los pachuque\u00f1os, Yolanda ya no te queremos, Yoli Teller\u00eda hoy los pachuque\u00f1os, Yoli Teller\u00eda ya no te queremos\u201d, algunos murmuraban sobre si era mejor el irse y regresar m\u00e1s tarde.<br \/>\u00a0\u00a0 \u00a0Paciencia es lo que ped\u00edan para los agremiados, la misma paciencia que ten\u00edan los automovilistas que circulaban lentamente por un lado del lugar, pues en las \u00faltimas tres semanas ya han sido cuatro los bloqueos a las vialidades principales de Pachuca, y por lo visto, no hay una fecha para que estos vayan a terminar pronto.<\/p>\n","protected":false},"excerpt":{"rendered":"<p>NOTA DE COLOREst\u00e1 ocasi\u00f3n fue avenida Madero<\/p>\n","protected":false},"author":93,"featured_media":0,"comment_status":"open","ping_status":"open","sticky":false,"template":"","format":"standard","meta":{"footnotes":""},"categories":[59],"tags":[],"class_list":["post-67897","post","type-post","status-publish","format-standard","hentry","category-general"],"_links":{"self":[{"href":"https:\/\/plazajuarez.mx\/historico\/wp-json\/wp\/v2\/posts\/67897","targetHints":{"allow":["GET"]}}],"collection":[{"href":"https:\/\/plazajuarez.mx\/historico\/wp-json\/wp\/v2\/posts"}],"about":[{"href":"https:\/\/plazajuarez.mx\/historico\/wp-json\/wp\/v2\/types\/post"}],"author":[{"embeddable":true,"href":"https:\/\/plazajuarez.mx\/historico\/wp-json\/wp\/v2\/users\/93"}],"replies":[{"embeddable":true,"href":"https:\/\/plazajuarez.mx\/historico\/wp-json\/wp\/v2\/comments?post=67897"}],"version-history":[{"count":0,"href":"https:\/\/plazajuarez.mx\/historico\/wp-json\/wp\/v2\/posts\/67897\/revisions"}],"wp:attachment":[{"href":"https:\/\/plazajuarez.mx\/historico\/wp-json\/wp\/v2\/media?parent=67897"}],"wp:term":[{"taxonomy":"category","embeddable":true,"href":"https:\/\/plazajuarez.mx\/historico\/wp-json\/wp\/v2\/categories?post=67897"},{"taxonomy":"post_tag","embeddable":true,"href":"https:\/\/plazajuarez.mx\/historico\/wp-json\/wp\/v2\/tags?post=67897"}],"curies":[{"name":"wp","href":"https:\/\/api.w.org\/{rel}","templated":true}]}}