{"id":67896,"date":"2018-07-31T12:12:01","date_gmt":"2018-07-31T12:12:01","guid":{"rendered":"http:\/\/plazajuarez.mx\/index\/index.php\/2018\/07\/31\/hidalguenses-son-beneficiados-con-jornada-ocular\/"},"modified":"2018-07-31T12:12:01","modified_gmt":"2018-07-31T12:12:01","slug":"hidalguenses-son-beneficiados-con-jornada-ocular","status":"publish","type":"post","link":"https:\/\/plazajuarez.mx\/historico\/hidalguenses-son-beneficiados-con-jornada-ocular\/","title":{"rendered":"HIDALGUENSES SON BENEFICIADOS CON JORNADA OCULAR"},"content":{"rendered":"<p>REALIZA DIFH <br \/>La Jornada m\u00e9dica de pr\u00f3tesis ocular que se realiz\u00f3 los d\u00edas 25, 26 y 27 de julio<\/p>\n<p>  <!--more-->  <\/p>\n<p>El Hospital General de Pachuca fue sede de la Jornada M\u00e9dica de Pr\u00f3tesis Ocular que se realiz\u00f3 los d\u00edas 25, 26 y 27 de julio, en donde por instrucciones de la presidenta del Patronato del Sistema DIF Hidalgo Victoria Ruffo, la directora de la dependencia, Patricia Gonz\u00e1lez Valencia, hizo entrega de apoyos a hidalguenses que necesitaban del mismo.<br \/>Fueron 87 las personas originarias de 23 municipios quienes por diversas circunstancias requer\u00edan del apoyo, al respecto; Gonz\u00e1lez Valencia reconoci\u00f3 que las jornadas se realizan gracias a la suma de esfuerzos que tienen como \u00fanico objetivo apoyar a personas de bajos recursos econ\u00f3micos y con ello evitar que derivado de la p\u00e9rdida de un ojo se malforme el rostro.<br \/>Asimismo reconoci\u00f3 el trabajo de los m\u00e9dicos de la Universidad Nacional Aut\u00f3noma de M\u00e9xico (UNAM) y en especial agradeci\u00f3 la calidad humana del coordinador Ren\u00e9 Jim\u00e9nez Castillo quien desde hace seis a\u00f1os, est\u00e1 al frente de este equipo y que junto con sus compa\u00f1eros brindan un servicio de calidad para quienes m\u00e1s lo necesitan.<br \/>Al respecto, el coordinador de la Especialidad de Pr\u00f3tesis Maxilofacial de la Divisi\u00f3n de Estudios de Posgrado e Investigaci\u00f3n de la Facultad de Odontolog\u00eda de la UNAM Ren\u00e9 Jim\u00e9nez Castillo expres\u00f3 que cada uno de los 17 profesionales que acuden a las jornadas ponen su mayor esfuerzo y hacen posibles estos resultados.<br \/>Detall\u00f3 que el proceso puede tener un costo de hasta 30 mil pesos en instituciones privadas, por lo que no todas las personas pueden tener acceso; de ah\u00ed que destac\u00f3, la labor que se realiza de manera conjunta entre la Universidad Nacional Aut\u00f3noma de M\u00e9xico, la Secretar\u00eda de Salud de Hidalgo y el Sistema DIF Hidalgo.<br \/>Cabe resaltar que a trav\u00e9s de estas jornadas de subespecialidad tambi\u00e9n se atienden otros padecimientos como cataratas, estrabismo, ves\u00edcula, trasplantes de c\u00f3rnea, polidactilia y sindactilia.<\/p>\n","protected":false},"excerpt":{"rendered":"<p>REALIZA DIFH La Jornada m\u00e9dica de pr\u00f3tesis ocular que se realiz\u00f3 los d\u00edas 25, 26 y 27 de julio<\/p>\n","protected":false},"author":93,"featured_media":0,"comment_status":"open","ping_status":"open","sticky":false,"template":"","format":"standard","meta":{"footnotes":""},"categories":[59],"tags":[],"class_list":["post-67896","post","type-post","status-publish","format-standard","hentry","category-general"],"_links":{"self":[{"href":"https:\/\/plazajuarez.mx\/historico\/wp-json\/wp\/v2\/posts\/67896","targetHints":{"allow":["GET"]}}],"collection":[{"href":"https:\/\/plazajuarez.mx\/historico\/wp-json\/wp\/v2\/posts"}],"about":[{"href":"https:\/\/plazajuarez.mx\/historico\/wp-json\/wp\/v2\/types\/post"}],"author":[{"embeddable":true,"href":"https:\/\/plazajuarez.mx\/historico\/wp-json\/wp\/v2\/users\/93"}],"replies":[{"embeddable":true,"href":"https:\/\/plazajuarez.mx\/historico\/wp-json\/wp\/v2\/comments?post=67896"}],"version-history":[{"count":0,"href":"https:\/\/plazajuarez.mx\/historico\/wp-json\/wp\/v2\/posts\/67896\/revisions"}],"wp:attachment":[{"href":"https:\/\/plazajuarez.mx\/historico\/wp-json\/wp\/v2\/media?parent=67896"}],"wp:term":[{"taxonomy":"category","embeddable":true,"href":"https:\/\/plazajuarez.mx\/historico\/wp-json\/wp\/v2\/categories?post=67896"},{"taxonomy":"post_tag","embeddable":true,"href":"https:\/\/plazajuarez.mx\/historico\/wp-json\/wp\/v2\/tags?post=67896"}],"curies":[{"name":"wp","href":"https:\/\/api.w.org\/{rel}","templated":true}]}}