{"id":67895,"date":"2018-07-31T12:11:25","date_gmt":"2018-07-31T12:11:25","guid":{"rendered":"http:\/\/plazajuarez.mx\/index\/index.php\/2018\/07\/31\/se-preve-participacion-hidalguense-en-la-semana-del-emprendedor\/"},"modified":"2018-07-31T12:11:25","modified_gmt":"2018-07-31T12:11:25","slug":"se-preve-participacion-hidalguense-en-la-semana-del-emprendedor","status":"publish","type":"post","link":"https:\/\/plazajuarez.mx\/historico\/se-preve-participacion-hidalguense-en-la-semana-del-emprendedor\/","title":{"rendered":"SE PREV\u00c9 PARTICIPACI\u00d3N HIDALGUENSE EN LA SEMANA DEL EMPRENDEDOR"},"content":{"rendered":"<p>TECNOLOG\u00cdA, EJE CENTRAL DEL EMPRENDEDURISMO\u00a0 <br \/>\u00a0\u00a0 \u00a0\u2022\u00a0\u00a0 \u00a0Fue presentado el programa de este evento, el cual se desarrollar\u00e1 en la Ciudad de M\u00e9xico\u2028<br \/>\u00a0\u00a0 \u00a0\u2022\u00a0\u00a0 \u00a0Hay una nutrida participaci\u00f3n de emprendedores hidalguenses, afirma Gabriela Lugo, delegada de la SE \u2028<\/p>\n<p>  <!--more-->  <\/p>\n<p>En presencia de la delegada de la Secretar\u00eda de Econom\u00eda (SE), Gabriela Lugo M\u00e9ndez, y de representantes de c\u00e1maras y asociaciones empresariales, se dio a conocer las actividades a realizar en la Semana Nacional del Emprendedor, la cual se realizar\u00e1 en el centro Citibanamex de la Ciudad de M\u00e9xico, en los d\u00edas 10 al 14 de septiembre, en donde se prev\u00e9 una nutrida participaci\u00f3n de emprendedores hidalguenses. <br \/>\u00a0\u00a0 \u00a0La delegada federal afirm\u00f3 que cada a\u00f1o se registra una participaci\u00f3n alta por parte de hidalguense, entre estudiantes de educaci\u00f3n superior, empresarios y emprendedores; y en eses sentido afirm\u00f3 que realiza una labor conjunta con la Secretar\u00eda de Educaci\u00f3n P\u00fablica de Hidalgo (SEPH) para realizar la invitaci\u00f3n a las universidades y a las incubadoras de negocios. <br \/>\u00a0\u00a0 \u00a0Revel\u00f3 que cada a\u00f1o se junta afluencia capaz de llevar hasta 120 autobuses a la Ciudad de M\u00e9xico, generalmente con universitarios a bordo, y que solamente son las estad\u00edsticas que ofrece la SEPH, mientras que en vinculaci\u00f3n con las c\u00e1maras empresariales y entidades de gobierno como la Secretar\u00eda de Desarrollo Econ\u00f3mico (Sedeco) se lleva un n\u00famero un poco menor. <br \/>\u00a0\u00a0 \u00a0Coment\u00f3 que a\u00fan no hay un n\u00famero definido de stands para emprendedores por parte del estado, ya que asinti\u00f3 que el d\u00eda viernes se realiza el cierre de la convocatoria para los participantes a cada uno de los ecosistemas de emprendedores, por lo que para despu\u00e9s de ese d\u00eda se tendr\u00e1 una contabilidad de participantes. <br \/>\u00a0\u00a0 \u00a0Por su parte, el director de \u00e1rea de la Direcci\u00f3n General de Programas para Micro, Peque\u00f1as y Medianas Empresas, perteneciente al Instituto Nacional del Emprendedor (Inadem), Ra\u00fal Diego Arzate, revel\u00f3 algunos detalles sobre la realizaci\u00f3n de este evento, tales como el registro y la entrada a los cursos, talleres y conferencias ser\u00e1n gratuitas, adem\u00e1s de la instalaci\u00f3n de ecosistemas de emprendedores para cada una de las necesidades de los empresarios. <br \/>\u00a0\u00a0 \u00a0Adem\u00e1s que se contar\u00e1n con una serie de conferencias magistrales impartidas por el fundador y presidente del Grupo Salinas, Ricardo Salinas Pliego, la directora de la Orquesta Filarm\u00f3nica de las Am\u00e9ricas, Alondra de la Parra, adem\u00e1s del vicepresidente de GoDaddy en Latinoam\u00e9rica, Rafael Fern\u00e1ndez MacGregor, y a la creadora de la campa\u00f1a \u201cSoy totalmente palacio\u201d de las tiendas departamentales Palacio de Hierro, Ana Mar\u00eda Olabuenaga. <\/p>\n","protected":false},"excerpt":{"rendered":"<p>TECNOLOG\u00cdA, EJE CENTRAL DEL EMPRENDEDURISMO\u00a0 \u00a0\u00a0 \u00a0\u2022\u00a0\u00a0 \u00a0Fue presentado el programa de este evento, el cual se desarrollar\u00e1 en la Ciudad de M\u00e9xico\u2028\u00a0\u00a0 \u00a0\u2022\u00a0\u00a0 \u00a0Hay una nutrida participaci\u00f3n de emprendedores hidalguenses, afirma Gabriela Lugo, delegada de la SE \u2028<\/p>\n","protected":false},"author":93,"featured_media":0,"comment_status":"open","ping_status":"open","sticky":false,"template":"","format":"standard","meta":{"footnotes":""},"categories":[59],"tags":[],"class_list":["post-67895","post","type-post","status-publish","format-standard","hentry","category-general"],"_links":{"self":[{"href":"https:\/\/plazajuarez.mx\/historico\/wp-json\/wp\/v2\/posts\/67895","targetHints":{"allow":["GET"]}}],"collection":[{"href":"https:\/\/plazajuarez.mx\/historico\/wp-json\/wp\/v2\/posts"}],"about":[{"href":"https:\/\/plazajuarez.mx\/historico\/wp-json\/wp\/v2\/types\/post"}],"author":[{"embeddable":true,"href":"https:\/\/plazajuarez.mx\/historico\/wp-json\/wp\/v2\/users\/93"}],"replies":[{"embeddable":true,"href":"https:\/\/plazajuarez.mx\/historico\/wp-json\/wp\/v2\/comments?post=67895"}],"version-history":[{"count":0,"href":"https:\/\/plazajuarez.mx\/historico\/wp-json\/wp\/v2\/posts\/67895\/revisions"}],"wp:attachment":[{"href":"https:\/\/plazajuarez.mx\/historico\/wp-json\/wp\/v2\/media?parent=67895"}],"wp:term":[{"taxonomy":"category","embeddable":true,"href":"https:\/\/plazajuarez.mx\/historico\/wp-json\/wp\/v2\/categories?post=67895"},{"taxonomy":"post_tag","embeddable":true,"href":"https:\/\/plazajuarez.mx\/historico\/wp-json\/wp\/v2\/tags?post=67895"}],"curies":[{"name":"wp","href":"https:\/\/api.w.org\/{rel}","templated":true}]}}