{"id":67894,"date":"2018-07-31T00:59:21","date_gmt":"2018-07-31T00:59:21","guid":{"rendered":"http:\/\/plazajuarez.mx\/index\/index.php\/2018\/07\/31\/como-y-cuando-se-unieron-bartlett-y-lopez-obrador\/"},"modified":"2018-07-31T00:59:21","modified_gmt":"2018-07-31T00:59:21","slug":"como-y-cuando-se-unieron-bartlett-y-lopez-obrador","status":"publish","type":"post","link":"https:\/\/plazajuarez.mx\/historico\/como-y-cuando-se-unieron-bartlett-y-lopez-obrador\/","title":{"rendered":"\u00bfC\u00f3mo y cu\u00e1ndo se unieron Bartlett y L\u00f3pez Obrador?"},"content":{"rendered":"<p style=\"text-align: justify;\">Barlett, quien fue del Partido Revolucionario Institucional (PRI), donde fue secretario de Gobernaci\u00f3n y se\u00f1alado como art\u00edfice del supuesto fraude electoral de 1988.<\/p>\n<p>  <!--more-->  <\/p>\n<p style=\"text-align: justify;\">La defensa del petr\u00f3leo y del sector energ\u00e9tico unieron en el camino pol\u00edtico al virtual presidente electo, Andr\u00e9s Manuel L\u00f3pez Obrador, y el senador del PT, Manuel Bartlett D\u00edaz, reci\u00e9n designado pr\u00f3ximo director de la Comisi\u00f3n Federal de Electricidad (CFE).<\/p>\n<p style=\"text-align: justify;\">A pesar de transitar previamente en sectores radicalmente opuestos, Barlett en el Partido Revolucionario Institucional (PRI), donde fue secretario de Gobernaci\u00f3n y se\u00f1alado como art\u00edfice del supuesto fraude electoral de 1988, y L\u00f3pez Obrador en la izquierda, con el Partido de la Revoluci\u00f3n Democr\u00e1tica (PRD), el tema energ\u00e9tico uni\u00f3 a estos dos pol\u00edticos.<\/p>\n<p style=\"text-align: justify;\">La relaci\u00f3n entre ambos comenz\u00f3 en el a\u00f1o 2008, cuando el ex pol\u00edtico poblano se distanci\u00f3 del PRI e hizo una defensa del petr\u00f3leo de los mexicanos.<\/p>\n<p style=\"text-align: justify;\">La reforma energ\u00e9tica que impuls\u00f3 el gobierno de Felipe Calder\u00f3n provoc\u00f3 que legisladores de izquierda se manifestaran contra los cambios a la ley. El propio L\u00f3pez Obrador encabez\u00f3 un movimiento de resistencia.<\/p>\n<p style=\"text-align: justify;\">Como parte de esas acciones, legisladores tomaron la tribuna del Senado, entonces ubicado en la calle de Xicot\u00e9ncatl, en el Centro Hist\u00f3rico, por lo que el resto de los senadores tuvieron que ser trasladados a la Torre de &#8220;El Caballito&#8221;, en avenida Reforma, para improvisar un sal\u00f3n de plenos y realizar la votaci\u00f3n.<\/p>\n<p style=\"text-align: justify;\">Fue en la siguiente elecci\u00f3n, en 2012, cuando Bartlett D\u00edaz rompi\u00f3 con el PRI y fue postulado por la colaci\u00f3n Movimiento Progresista (PRD, PT y Movimiento Ciudadano) como senador del Partido del Trabajo (PT).<\/p>\n<p style=\"text-align: justify;\">Ah\u00ed el ex secretario de Gobernaci\u00f3n fue uno de los m\u00e1s activos opositores a las llamadas Reformas Estructurales del gobierno del presidente Enrique Pe\u00f1a Nieto, en especial de la Energ\u00e9tica, porque significaba &#8220;privatizar y desmantelar&#8221; Pemex.<\/p>\n<p style=\"text-align: justify;\">Para el a\u00f1o 2013, en la discusi\u00f3n en el pleno del Senado de la Reforma Energ\u00e9tica, bajo las \u00f3rdenes de Manuel Bartlett, las bancadas del PT, PRD y Movimiento Ciudadano tomaron la tribuna para impedir su discusi\u00f3n y eventual aprobaci\u00f3n.<\/p>\n<p style=\"text-align: justify;\">Previamente, en la elecci\u00f3n de 2006, Bartlett, ex gobernador de Puebla, pidi\u00f3 p\u00fablicamente el voto en favor de L\u00f3pez Obrador para la Presidencia, cuando el candidato de su partido era, Roberto Madrazo.<\/p>\n<p style=\"text-align: justify;\">El pasado viernes L\u00f3pez Obrador design\u00f3 a Manuel Bartlett como futuro titular de la Comisi\u00f3n Federal de Electricidad.<\/p>\n","protected":false},"excerpt":{"rendered":"<p>Barlett, quien fue del Partido Revolucionario Institucional (PRI), donde fue secretario de Gobernaci\u00f3n y se\u00f1alado como art\u00edfice del supuesto fraude electoral de 1988.<\/p>\n","protected":false},"author":1,"featured_media":0,"comment_status":"open","ping_status":"open","sticky":false,"template":"","format":"standard","meta":{"footnotes":""},"categories":[36],"tags":[],"class_list":["post-67894","post","type-post","status-publish","format-standard","hentry","category-nacion"],"_links":{"self":[{"href":"https:\/\/plazajuarez.mx\/historico\/wp-json\/wp\/v2\/posts\/67894","targetHints":{"allow":["GET"]}}],"collection":[{"href":"https:\/\/plazajuarez.mx\/historico\/wp-json\/wp\/v2\/posts"}],"about":[{"href":"https:\/\/plazajuarez.mx\/historico\/wp-json\/wp\/v2\/types\/post"}],"author":[{"embeddable":true,"href":"https:\/\/plazajuarez.mx\/historico\/wp-json\/wp\/v2\/users\/1"}],"replies":[{"embeddable":true,"href":"https:\/\/plazajuarez.mx\/historico\/wp-json\/wp\/v2\/comments?post=67894"}],"version-history":[{"count":0,"href":"https:\/\/plazajuarez.mx\/historico\/wp-json\/wp\/v2\/posts\/67894\/revisions"}],"wp:attachment":[{"href":"https:\/\/plazajuarez.mx\/historico\/wp-json\/wp\/v2\/media?parent=67894"}],"wp:term":[{"taxonomy":"category","embeddable":true,"href":"https:\/\/plazajuarez.mx\/historico\/wp-json\/wp\/v2\/categories?post=67894"},{"taxonomy":"post_tag","embeddable":true,"href":"https:\/\/plazajuarez.mx\/historico\/wp-json\/wp\/v2\/tags?post=67894"}],"curies":[{"name":"wp","href":"https:\/\/api.w.org\/{rel}","templated":true}]}}