{"id":67893,"date":"2018-07-31T00:47:47","date_gmt":"2018-07-31T00:47:47","guid":{"rendered":"http:\/\/plazajuarez.mx\/index\/index.php\/2018\/07\/31\/error-humano-dio-triunfo-al-pan-en-distrito-de-yucatan\/"},"modified":"2018-07-31T00:47:47","modified_gmt":"2018-07-31T00:47:47","slug":"error-humano-dio-triunfo-al-pan-en-distrito-de-yucatan","status":"publish","type":"post","link":"https:\/\/plazajuarez.mx\/historico\/error-humano-dio-triunfo-al-pan-en-distrito-de-yucatan\/","title":{"rendered":"&#8220;Error humano&#8221; dio triunfo al PAN en distrito de Yucat\u00e1n"},"content":{"rendered":"<p style=\"text-align: justify;\">Sobre el tema, Balmes P\u00e9rez indic\u00f3 que no hubo dolo por parte de los trabajadores del consejo distrital III de M\u00e9rida.<\/p>\n<p>  <!--more-->  <\/p>\n<p style=\"text-align: justify;\">El vocal ejecutivo del Instituto Nacional Electoral (INE) en Yucat\u00e1n, Fernando Balmes P\u00e9rez, revel\u00f3 que personal encargado del c\u00f3mputo de los votos cometi\u00f3 un &#8220;error humano&#8221; durante el proceso del recuento total en la elecci\u00f3n por la diputaci\u00f3n federal del distrito III, que en su momento le dio el triunfo a la panista Cecilia Patr\u00f3n Laviada, lo que finalmente provoc\u00f3 un revire a favor del aspirante de Morena, Roger Aguilar Salazar.<\/p>\n<p style=\"text-align: justify;\">En d\u00edas pasados, la Sala Regional de Xalapa del Tribunal Electoral de la Federaci\u00f3n rectific\u00f3 cuatro casillas y corrobor\u00f3 esa inconsistencia \u00a0en el c\u00f3mputo del tercer distrito electoral federal, por lo que determin\u00f3 que la mayor\u00eda de los votos en realidad beneficiaron al candidato de Morena, Aguilar Salazar, y revoc\u00f3 la constancia de mayor\u00eda emitida a favor de la panista Patr\u00f3n Laviada.<\/p>\n<p style=\"text-align: justify;\">Sobre el tema, Balmes P\u00e9rez indic\u00f3 que no hubo dolo por parte de los trabajadores del consejo distrital III de M\u00e9rida, m\u00e1s bien alguien se equivoc\u00f3 al momento de capturar los c\u00f3mputos de las votaciones.<\/p>\n<p style=\"text-align: justify;\">&#8220;Nunca hubo una mala intenci\u00f3n, no fue con dolo, no se busc\u00f3 que la circunstancia se le diera a un partido \u2013en ese caso al PAN- que finalmente se comprob\u00f3 no ten\u00eda el resultado de los votos a su favor&#8221;, reiter\u00f3.<\/p>\n<p style=\"text-align: justify;\">El vocal ejecutivo se\u00f1al\u00f3 que hay una observaci\u00f3n para investigar qu\u00e9 sucedi\u00f3 con el trabajador del INE encargado del c\u00f3mputo, y no descart\u00f3 una posible sanci\u00f3n.<\/p>\n<p style=\"text-align: justify;\">&#8220;Fue un error humano al momento de la designaci\u00f3n de las actas, la informaci\u00f3n (de los votos) estaba bien, pero fall\u00f3 la captura (en el sistema)&#8221;, puntualiz\u00f3.<\/p>\n<p style=\"text-align: justify;\">Coment\u00f3 que ese tipo de inconsistencias se pueden evitar, por lo que el instituto ya est\u00e1 tomando medidas al respecto para que no se vuelva a repetir.<\/p>\n<p style=\"text-align: justify;\">Aclar\u00f3 que se le entregar\u00e1 ese documento que lo acreditar\u00e1 como diputado federal, independientemente de lo que resuelva la Sala Superior del Tribunal Electoral de la Federaci\u00f3n, pues la aspirante perdedora, Cecilia Patr\u00f3n Laviada, interpuso un Juicio de Revisi\u00f3n Constitucional en contra del fallo a favor del aspirante de Morena.<\/p>\n","protected":false},"excerpt":{"rendered":"<p>Sobre el tema, Balmes P\u00e9rez indic\u00f3 que no hubo dolo por parte de los trabajadores del consejo distrital III de M\u00e9rida.<\/p>\n","protected":false},"author":1,"featured_media":0,"comment_status":"open","ping_status":"open","sticky":false,"template":"","format":"standard","meta":{"footnotes":""},"categories":[36],"tags":[],"class_list":["post-67893","post","type-post","status-publish","format-standard","hentry","category-nacion"],"_links":{"self":[{"href":"https:\/\/plazajuarez.mx\/historico\/wp-json\/wp\/v2\/posts\/67893","targetHints":{"allow":["GET"]}}],"collection":[{"href":"https:\/\/plazajuarez.mx\/historico\/wp-json\/wp\/v2\/posts"}],"about":[{"href":"https:\/\/plazajuarez.mx\/historico\/wp-json\/wp\/v2\/types\/post"}],"author":[{"embeddable":true,"href":"https:\/\/plazajuarez.mx\/historico\/wp-json\/wp\/v2\/users\/1"}],"replies":[{"embeddable":true,"href":"https:\/\/plazajuarez.mx\/historico\/wp-json\/wp\/v2\/comments?post=67893"}],"version-history":[{"count":0,"href":"https:\/\/plazajuarez.mx\/historico\/wp-json\/wp\/v2\/posts\/67893\/revisions"}],"wp:attachment":[{"href":"https:\/\/plazajuarez.mx\/historico\/wp-json\/wp\/v2\/media?parent=67893"}],"wp:term":[{"taxonomy":"category","embeddable":true,"href":"https:\/\/plazajuarez.mx\/historico\/wp-json\/wp\/v2\/categories?post=67893"},{"taxonomy":"post_tag","embeddable":true,"href":"https:\/\/plazajuarez.mx\/historico\/wp-json\/wp\/v2\/tags?post=67893"}],"curies":[{"name":"wp","href":"https:\/\/api.w.org\/{rel}","templated":true}]}}