{"id":67892,"date":"2018-07-30T23:19:12","date_gmt":"2018-07-30T23:19:12","guid":{"rendered":"http:\/\/plazajuarez.mx\/index\/index.php\/2018\/07\/30\/cambios-inesperados-en-pemex-y-cfe-afectarian-a-gobierno-s-p\/"},"modified":"2018-07-30T23:19:12","modified_gmt":"2018-07-30T23:19:12","slug":"cambios-inesperados-en-pemex-y-cfe-afectarian-a-gobierno-s-p","status":"publish","type":"post","link":"https:\/\/plazajuarez.mx\/historico\/cambios-inesperados-en-pemex-y-cfe-afectarian-a-gobierno-s-p\/","title":{"rendered":"Cambios inesperados en Pemex y CFE afectar\u00edan a Gobierno: S &#038; P"},"content":{"rendered":"<p style=\"text-align: justify;\">\u00a0La firma dijo que se espera que los tres gobiernos involucrados acuerden finalmente un nuevo tratado que preserve en gran medida el comercio transfronterizo.<\/p>\n<p>  <!--more-->  <\/p>\n<p style=\"text-align: justify;\">La calificadora Standard and Poor&#8217;s advirti\u00f3 que cambios inesperados en las pol\u00edticas del sector energ\u00e9tico, incluidos los pasos que debilitan la salud financiera de Petr\u00f3leos Mexicanos y la Comisi\u00f3n Federal de Electricidad, podr\u00edan aumentar los pasivos contingentes potenciales del pa\u00eds.<\/p>\n<p style=\"text-align: justify;\">&#8220;La erosi\u00f3n gradual resultante del perfil financiero del pa\u00eds elevar\u00eda la vulnerabilidad de las finanzas p\u00fablicas a shocks adversos, lo que nos llevar\u00eda a rebajar la calificaci\u00f3n&#8221;, dijo la agencia.<\/p>\n<p style=\"text-align: justify;\">En el documento &#8220;Tendencias de las calificaciones soberanas de Am\u00e9rica Latina y el Caribe a mediados de 2018&#8221;, Standard and Poor&#8217;s inform\u00f3 que la calificaci\u00f3n actual de M\u00e9xico (BBB+ con perspectiva estable) refleja la expectativa de continuidad en las pol\u00edticas econ\u00f3micas en los pr\u00f3ximos dos a\u00f1os, junto con la pol\u00edtica fiscal que contiene la carga de la deuda del Gobierno general.<\/p>\n<p style=\"text-align: justify;\">En ese sentido, la firma dijo que se espera que los tres gobiernos involucrados en la actual renegociaci\u00f3n del Tratado de Libre Comercio de Am\u00e9rica del Norte (TLCAN) Estados Unidos, Canad\u00e1 y M\u00e9xico, acuerden finalmente un nuevo tratado que preserve en gran medida el comercio transfronterizo y los v\u00ednculos financieros que sustentan la econom\u00eda de Am\u00e9rica del Norte.<\/p>\n<p style=\"text-align: justify;\">&#8220;Una interrupci\u00f3n inesperada en los v\u00ednculos comerciales y de inversi\u00f3n de M\u00e9xico con los Estados Unidos y Canad\u00e1 o un cambio negativo inesperado en las pol\u00edticas fiscales u otras pol\u00edticas econ\u00f3micas, despu\u00e9s de las elecciones de este a\u00f1o, podr\u00edan perjudicar las perspectivas de crecimiento del PIB del pa\u00eds&#8221;, dijo.<\/p>\n<p style=\"text-align: justify;\">En ese sentido, explic\u00f3 que el menor crecimiento del PIB, combinado con un d\u00e9ficit fiscal mayor al esperado, podr\u00eda dificultar que el pr\u00f3ximo Gobierno estabilice su deuda como porcentaje del PIB en los pr\u00f3ximos dos a\u00f1os.<\/p>\n<p style=\"text-align: justify;\">&#8220;A largo plazo, un crecimiento econ\u00f3mico m\u00e1s r\u00e1pido y una consolidaci\u00f3n fiscal mejor de lo esperado podr\u00edan fortalecer el perfil externo y fiscal de M\u00e9xico. Eso, junto con el continuo desarrollo de los mercados nacionales de capital y una trayectoria m\u00e1s larga de una pol\u00edtica monetaria cre\u00edble emprendida por el banco central, podr\u00eda reducir las vulnerabilidades externas y llevarnos a elevar la calificaci\u00f3n en los pr\u00f3ximos dos a\u00f1os&#8221;, dijo Standard and Poor&#8217;s.<\/p>\n","protected":false},"excerpt":{"rendered":"<p>\u00a0La firma dijo que se espera que los tres gobiernos involucrados acuerden finalmente un nuevo tratado que preserve en gran medida el comercio transfronterizo.<\/p>\n","protected":false},"author":1,"featured_media":0,"comment_status":"open","ping_status":"open","sticky":false,"template":"","format":"standard","meta":{"footnotes":""},"categories":[36],"tags":[],"class_list":["post-67892","post","type-post","status-publish","format-standard","hentry","category-nacion"],"_links":{"self":[{"href":"https:\/\/plazajuarez.mx\/historico\/wp-json\/wp\/v2\/posts\/67892","targetHints":{"allow":["GET"]}}],"collection":[{"href":"https:\/\/plazajuarez.mx\/historico\/wp-json\/wp\/v2\/posts"}],"about":[{"href":"https:\/\/plazajuarez.mx\/historico\/wp-json\/wp\/v2\/types\/post"}],"author":[{"embeddable":true,"href":"https:\/\/plazajuarez.mx\/historico\/wp-json\/wp\/v2\/users\/1"}],"replies":[{"embeddable":true,"href":"https:\/\/plazajuarez.mx\/historico\/wp-json\/wp\/v2\/comments?post=67892"}],"version-history":[{"count":0,"href":"https:\/\/plazajuarez.mx\/historico\/wp-json\/wp\/v2\/posts\/67892\/revisions"}],"wp:attachment":[{"href":"https:\/\/plazajuarez.mx\/historico\/wp-json\/wp\/v2\/media?parent=67892"}],"wp:term":[{"taxonomy":"category","embeddable":true,"href":"https:\/\/plazajuarez.mx\/historico\/wp-json\/wp\/v2\/categories?post=67892"},{"taxonomy":"post_tag","embeddable":true,"href":"https:\/\/plazajuarez.mx\/historico\/wp-json\/wp\/v2\/tags?post=67892"}],"curies":[{"name":"wp","href":"https:\/\/api.w.org\/{rel}","templated":true}]}}