{"id":67890,"date":"2018-07-30T20:30:58","date_gmt":"2018-07-30T20:30:58","guid":{"rendered":"http:\/\/plazajuarez.mx\/index\/index.php\/2018\/07\/30\/reportan-tiroteo-y-presunta-toma-de-rehenes-en-tijuana\/"},"modified":"2018-07-30T20:30:58","modified_gmt":"2018-07-30T20:30:58","slug":"reportan-tiroteo-y-presunta-toma-de-rehenes-en-tijuana","status":"publish","type":"post","link":"https:\/\/plazajuarez.mx\/historico\/reportan-tiroteo-y-presunta-toma-de-rehenes-en-tijuana\/","title":{"rendered":"Reportan tiroteo y presunta toma de rehenes en Tijuana"},"content":{"rendered":"<p>Preliminarmente tambi\u00e9n se informa que habr\u00eda dos elementos de la polic\u00eda heridos, uno de ellos en la frente.<\/p>\n<p>  <!--more-->  <\/p>\n<p>La tarde de este lunes, en una zona habitacional de Playas de Tijuana, Baja California Sur, se report\u00f3 un tiroteo.<\/p>\n<p>El presunto agresor se habr\u00eda atrincherado al interior de un domicilio en la calle el Pedregal y, seg\u00fan report\u00f3 noticieros Televisa, habr\u00eda tomado como rehenes a una mujer y un menor.<\/p>\n<p>Preliminarmente tambi\u00e9n se informa que habr\u00eda dos elementos de la polic\u00eda heridos, uno de ellos en la frente.<\/p>\n<p>De acuerdo con el reporte, al lugar llegaron elementos de la Marina, Polic\u00eda Federal y agentes estatales.\u00a0<\/p>\n","protected":false},"excerpt":{"rendered":"<p>Preliminarmente tambi\u00e9n se informa que habr\u00eda dos elementos de la polic\u00eda heridos, uno de ellos en la frente.<\/p>\n","protected":false},"author":6,"featured_media":0,"comment_status":"open","ping_status":"open","sticky":false,"template":"","format":"standard","meta":{"footnotes":""},"categories":[37],"tags":[],"class_list":["post-67890","post","type-post","status-publish","format-standard","hentry","category-barandilla"],"_links":{"self":[{"href":"https:\/\/plazajuarez.mx\/historico\/wp-json\/wp\/v2\/posts\/67890","targetHints":{"allow":["GET"]}}],"collection":[{"href":"https:\/\/plazajuarez.mx\/historico\/wp-json\/wp\/v2\/posts"}],"about":[{"href":"https:\/\/plazajuarez.mx\/historico\/wp-json\/wp\/v2\/types\/post"}],"author":[{"embeddable":true,"href":"https:\/\/plazajuarez.mx\/historico\/wp-json\/wp\/v2\/users\/6"}],"replies":[{"embeddable":true,"href":"https:\/\/plazajuarez.mx\/historico\/wp-json\/wp\/v2\/comments?post=67890"}],"version-history":[{"count":0,"href":"https:\/\/plazajuarez.mx\/historico\/wp-json\/wp\/v2\/posts\/67890\/revisions"}],"wp:attachment":[{"href":"https:\/\/plazajuarez.mx\/historico\/wp-json\/wp\/v2\/media?parent=67890"}],"wp:term":[{"taxonomy":"category","embeddable":true,"href":"https:\/\/plazajuarez.mx\/historico\/wp-json\/wp\/v2\/categories?post=67890"},{"taxonomy":"post_tag","embeddable":true,"href":"https:\/\/plazajuarez.mx\/historico\/wp-json\/wp\/v2\/tags?post=67890"}],"curies":[{"name":"wp","href":"https:\/\/api.w.org\/{rel}","templated":true}]}}