{"id":67887,"date":"2018-07-30T19:04:28","date_gmt":"2018-07-30T19:04:28","guid":{"rendered":"http:\/\/plazajuarez.mx\/index\/index.php\/2018\/07\/30\/defiende-amlo-designacion-de-manuel-bartlett-en-cfe\/"},"modified":"2018-07-30T19:04:28","modified_gmt":"2018-07-30T19:04:28","slug":"defiende-amlo-designacion-de-manuel-bartlett-en-cfe","status":"publish","type":"post","link":"https:\/\/plazajuarez.mx\/historico\/defiende-amlo-designacion-de-manuel-bartlett-en-cfe\/","title":{"rendered":"Defiende AMLO designaci\u00f3n de Manuel Bartlett en CFE"},"content":{"rendered":"<p>El tabasque\u00f1o afirm\u00f3 que Bartlett cuenta con la experiencia suficiente para este cargo, debido a que desde hace muchos a\u00f1os defiende la industria el\u00e9ctrica nacional.<\/p>\n<p>  <!--more-->  <\/p>\n<p>El virtual presidente electo, Andr\u00e9s Manuel L\u00f3pez Obrador, defendi\u00f3 la designaci\u00f3n del senador del Partido del Trabajo (PT), Manuel Bartlett D\u00edaz, como titular de la Comisi\u00f3n Federal de Electricidad (CFE).<\/p>\n<p>El tabasque\u00f1o afirm\u00f3 que Bartlett cuenta con la experiencia suficiente para este cargo, debido a que desde hace muchos a\u00f1os defiende la industria el\u00e9ctrica nacional.<\/p>\n<p>Entrevistado en la terminal a\u00e9rea, luego de visitar la Selva Lacandona en Chiapas, el virtual presidente de la Rep\u00fablica, asegur\u00f3 que este nombramiento se debe a su paso por la Secretar\u00eda de Gobernaci\u00f3n y de Educaci\u00f3n P\u00fablica.<\/p>\n<p>&#8220;Ha estado defendiendo la industria el\u00e9ctrica por lo menos los \u00faltimos 15 a\u00f1os; desde hace alg\u00fan tiempo se ha querido desmantelar la CFE; hace 20 a\u00f1os \u00e9ramos autosuficientes en energ\u00eda el\u00e9ctrica y ahora la CFE compra la mitad de la energ\u00eda el\u00e9ctrica que consumimos&#8221;, indic\u00f3.<\/p>\n<p>L\u00f3pez Obrador dijo que en los \u00faltimos tiempos han dejado que se cierren las plantas de generaci\u00f3n de energ\u00eda de la CFE y las hidroel\u00e9ctricas est\u00e1n subutilizadas, por lo que no se genera toda la producci\u00f3n necesaria. &#8220;Entonces c\u00f3mo vamos a poner orden y se va a terminar todo ese atraco, no les gustan algunas cosas. Yo los entiendo pero el pueblo vot\u00f3 porque haya un cambio verdadero y yo no voy a ser tapadera de nadie, no voy a ser alcahuete, yo voy a cumplirle a los mexicanos&#8221;, refiri\u00f3.<\/p>\n<p>El virtual presidente electo asegur\u00f3 que es natural que existan las cr\u00edticas a sus nombramientos, porque muchos a\u00f1os se hizo pol\u00edtica donde no contaba el pueblo. &#8220;Ahora el gobierno representar\u00e1 a todos, a ricos y pobres, habr\u00e1 un gobierno que cuidar\u00e1 que el patrimonio no beneficie a una minor\u00eda&#8221;, asent\u00f3.<\/p>\n<p>Insisti\u00f3 que la Secretar\u00eda de Energ\u00eda estar\u00e1 en Tabasco; la Comisi\u00f3n Nacional del Agua en Chiapas y Petr\u00f3leos Mexicanos en Ciudad del Carmen, estados del sureste porque es donde se encuentra el petr\u00f3leo y el agua. &#8220;Voy a cumplir todos los compromisos&#8221;, precis\u00f3.<\/p>\n","protected":false},"excerpt":{"rendered":"<p>El tabasque\u00f1o afirm\u00f3 que Bartlett cuenta con la experiencia suficiente para este cargo, debido a que desde hace muchos a\u00f1os defiende la industria el\u00e9ctrica nacional.<\/p>\n","protected":false},"author":6,"featured_media":0,"comment_status":"open","ping_status":"open","sticky":false,"template":"","format":"standard","meta":{"footnotes":""},"categories":[36],"tags":[],"class_list":["post-67887","post","type-post","status-publish","format-standard","hentry","category-nacion"],"_links":{"self":[{"href":"https:\/\/plazajuarez.mx\/historico\/wp-json\/wp\/v2\/posts\/67887","targetHints":{"allow":["GET"]}}],"collection":[{"href":"https:\/\/plazajuarez.mx\/historico\/wp-json\/wp\/v2\/posts"}],"about":[{"href":"https:\/\/plazajuarez.mx\/historico\/wp-json\/wp\/v2\/types\/post"}],"author":[{"embeddable":true,"href":"https:\/\/plazajuarez.mx\/historico\/wp-json\/wp\/v2\/users\/6"}],"replies":[{"embeddable":true,"href":"https:\/\/plazajuarez.mx\/historico\/wp-json\/wp\/v2\/comments?post=67887"}],"version-history":[{"count":0,"href":"https:\/\/plazajuarez.mx\/historico\/wp-json\/wp\/v2\/posts\/67887\/revisions"}],"wp:attachment":[{"href":"https:\/\/plazajuarez.mx\/historico\/wp-json\/wp\/v2\/media?parent=67887"}],"wp:term":[{"taxonomy":"category","embeddable":true,"href":"https:\/\/plazajuarez.mx\/historico\/wp-json\/wp\/v2\/categories?post=67887"},{"taxonomy":"post_tag","embeddable":true,"href":"https:\/\/plazajuarez.mx\/historico\/wp-json\/wp\/v2\/tags?post=67887"}],"curies":[{"name":"wp","href":"https:\/\/api.w.org\/{rel}","templated":true}]}}