{"id":67886,"date":"2018-07-30T18:42:55","date_gmt":"2018-07-30T18:42:55","guid":{"rendered":"http:\/\/plazajuarez.mx\/index\/index.php\/2018\/07\/30\/apoyo-de-combatientes-mexicanos-a-canada-ya-es-historico-conafor\/"},"modified":"2018-07-30T18:42:55","modified_gmt":"2018-07-30T18:42:55","slug":"apoyo-de-combatientes-mexicanos-a-canada-ya-es-historico-conafor","status":"publish","type":"post","link":"https:\/\/plazajuarez.mx\/historico\/apoyo-de-combatientes-mexicanos-a-canada-ya-es-historico-conafor\/","title":{"rendered":"Apoyo de combatientes mexicanos a Canad\u00e1 ya es hist\u00f3rico: Conafor"},"content":{"rendered":"<p style=\"text-align: justify;\">Ontario presenta 118 incendios activos de un acumulado de 819 incendios a la fecha.<\/p>\n<p>  <!--more-->  <\/p>\n<p style=\"text-align: justify;\">La intensidad de los incendios forestales en Canad\u00e1 y la coordinaci\u00f3n de las autoridades de ese pa\u00eds con sus pares mexicanos, dar\u00e1n paso al tercer despacho de combatientes de incendios forestales a Ontario, Canad\u00e1.<\/p>\n<p style=\"text-align: justify;\">En respuesta a la tercera solicitud de ayuda hecha por el Centro Canadiense Interinstitucional Contra Incendios Forestales (CIFFC, en ingl\u00e9s) la Comisi\u00f3n Nacional Forestal (Conafor) enviar\u00e1 a 103 combatientes m\u00e1s para la supresi\u00f3n de incendios forestales con lo que ya suman 310\u00a0 elementos enviados.<\/p>\n<p style=\"text-align: justify;\">Lo anterior, representa la mayor movilizaci\u00f3n internacional de combatientes en la historia de M\u00e9xico, superando a los 270 elementos que viajaron a Canad\u00e1 en agosto de 2017.<\/p>\n<p style=\"text-align: justify;\">El grupo, que se conforma por 101 combatientes y dos t\u00e9cnicos especializados, se concentr\u00f3 el jueves 26 de julio en las instalaciones de la Comisi\u00f3n Nacional Forestal (Conafor) en Guadalajara, Jalisco y partir\u00e1 este s\u00e1bado a Ontario.<\/p>\n<p style=\"text-align: justify;\">La primera representante mexicana en encontrarse con autoridades del CIFFC fue Elizabeth Toledo, enlace internacional entre Canad\u00e1 y M\u00e9xico, quien viaj\u00f3 el 15 de julio para iniciar con la coordinaci\u00f3n log\u00edstica y dar paso a la movilizaci\u00f3n de los combatientes.<\/p>\n<p style=\"text-align: justify;\">El primer contingente viaj\u00f3 el 20 de julio y el segundo parti\u00f3 cuatro d\u00edas despu\u00e9s.<\/p>\n<p style=\"text-align: justify;\">La colaboraci\u00f3n de combatientes mexicanos a ese pa\u00eds se realiza en el marco del Memor\u00e1ndum de Entendimiento para el Intercambio de Recursos para el Manejo de Incendios Forestales entre Canad\u00e1 y M\u00e9xico 2014-2018.<\/p>\n<p style=\"text-align: justify;\"><strong>Situaci\u00f3n actual<\/strong><\/p>\n<p style=\"text-align: justify;\">Ontario presenta 118 incendios activos de un acumulado de 819 incendios a la fecha, con una superficie afectada de 211 mil 914 hect\u00e1reas.<\/p>\n<p style=\"text-align: justify;\">Actualmente operan 550 recursos humanos en la Provincia de Ontario, de los cuales 217 son mexicanos.<\/p>\n<p style=\"text-align: justify;\">El segundo contingente, enviado el 24 de julio, ya instal\u00f3 campamento y recibi\u00f3 informaci\u00f3n sobre la situaci\u00f3n de incendios de personal de la provincia.<\/p>\n<p style=\"text-align: justify;\">Tambi\u00e9n se hizo entrega de alimentos y provisiones a las brigadas.<\/p>\n<p style=\"text-align: justify;\">Los combatientes mexicanos ya trabajan en el rastreo y liquidaci\u00f3n de puntos calientes con equipo de uso de agua.\u200b<\/p>\n<p>\u00a0<\/p>\n","protected":false},"excerpt":{"rendered":"<p>Ontario presenta 118 incendios activos de un acumulado de 819 incendios a la fecha.<\/p>\n","protected":false},"author":1,"featured_media":0,"comment_status":"open","ping_status":"open","sticky":false,"template":"","format":"standard","meta":{"footnotes":""},"categories":[36],"tags":[],"class_list":["post-67886","post","type-post","status-publish","format-standard","hentry","category-nacion"],"_links":{"self":[{"href":"https:\/\/plazajuarez.mx\/historico\/wp-json\/wp\/v2\/posts\/67886","targetHints":{"allow":["GET"]}}],"collection":[{"href":"https:\/\/plazajuarez.mx\/historico\/wp-json\/wp\/v2\/posts"}],"about":[{"href":"https:\/\/plazajuarez.mx\/historico\/wp-json\/wp\/v2\/types\/post"}],"author":[{"embeddable":true,"href":"https:\/\/plazajuarez.mx\/historico\/wp-json\/wp\/v2\/users\/1"}],"replies":[{"embeddable":true,"href":"https:\/\/plazajuarez.mx\/historico\/wp-json\/wp\/v2\/comments?post=67886"}],"version-history":[{"count":0,"href":"https:\/\/plazajuarez.mx\/historico\/wp-json\/wp\/v2\/posts\/67886\/revisions"}],"wp:attachment":[{"href":"https:\/\/plazajuarez.mx\/historico\/wp-json\/wp\/v2\/media?parent=67886"}],"wp:term":[{"taxonomy":"category","embeddable":true,"href":"https:\/\/plazajuarez.mx\/historico\/wp-json\/wp\/v2\/categories?post=67886"},{"taxonomy":"post_tag","embeddable":true,"href":"https:\/\/plazajuarez.mx\/historico\/wp-json\/wp\/v2\/tags?post=67886"}],"curies":[{"name":"wp","href":"https:\/\/api.w.org\/{rel}","templated":true}]}}