{"id":67885,"date":"2018-07-30T16:26:48","date_gmt":"2018-07-30T16:26:48","guid":{"rendered":"http:\/\/plazajuarez.mx\/index\/index.php\/2018\/07\/30\/cae-presunto-responsable-de-la-desaparicion-de-3-italianos-en-jalisco\/"},"modified":"2018-07-30T16:26:48","modified_gmt":"2018-07-30T16:26:48","slug":"cae-presunto-responsable-de-la-desaparicion-de-3-italianos-en-jalisco","status":"publish","type":"post","link":"https:\/\/plazajuarez.mx\/historico\/cae-presunto-responsable-de-la-desaparicion-de-3-italianos-en-jalisco\/","title":{"rendered":"Cae presunto responsable de la desaparici\u00f3n de 3 italianos en Jalisco"},"content":{"rendered":"<p>Al &#8220;15&#8221; se le responsabiliza de la desaparici\u00f3n de los ciudadanos italianos, Antonio Russo, Rafaellle Russo y Vicenzo Cimmino, ocurrida en enero pasado en Tecalitl\u00e1n, Jalisco, \u00faltimo municipio en el que fueron vistos.<\/p>\n<p>  <!--more-->  <\/p>\n<p>Guadalupe Rodr\u00edguez &#8220;N&#8221;, &#8220;El 15&#8221;, jefe de plaza del c\u00e1rtel Jalisco Nueva Generaci\u00f3n en Zapotl\u00e1n el Grande, Jalisco, y un presunto c\u00f3mplice fueron detenidos por elementos de la Agencia de Investigaci\u00f3n Criminal (AIC) de la PGR en el municipio de Zapopan.<\/p>\n<p>Al &#8220;15&#8221; se le responsabiliza de la desaparici\u00f3n de los ciudadanos italianos, Antonio Russo, Rafaellle Russo y Vicenzo Cimmino, ocurrida en enero pasado en Tecalitl\u00e1n, Jalisco, \u00faltimo municipio en el que fueron vistos.<\/p>\n<p>As\u00ed lo dio a conocer el titular de la AIC, Omar Garc\u00eda Harfuch, acompa\u00f1ado del comisionado general de la Polic\u00eda Federal, Manelich Castilla Craviotto.<\/p>\n<p>Por estos hechos hay cuatro polic\u00edas municipales de Tecalitl\u00e1n detenidos por su presunta participaci\u00f3n en la desaparici\u00f3n de los tres italianos.<\/p>\n<p>En conferencia de prensa, Garc\u00eda Harfuch inform\u00f3 que &#8220;El 15&#8221; se encargaba de entregar recursos econ\u00f3micos a los polic\u00edas municipales de Tecalitl\u00e1n.<\/p>\n<p>De acuerdo con fuentes consultadas del Gabinete de Seguridad, Rodr\u00edguez &#8220;N&#8221; est\u00e1 bajo el mando de &#8220;Don Guti&#8221;, un sujeto identificado como compadre de Nemesio Oseguera Cervantes, &#8220;El Mencho&#8221;, l\u00edder m\u00e1ximo del CJNG.<\/p>\n<p>Antes de ser jefe de plaza, &#8220;El 15&#8221; fungi\u00f3 como escolta de un alto mando del c\u00e1rtel Jalisco Nueva Generaci\u00f3n; su zona de operaci\u00f3n abarca los municipios de Zapotl\u00e1n el Grande, colindante con Michoac\u00e1n, y comunidades aleda\u00f1as de la sierra.<\/p>\n<p>En junio pasado, grupos afines a &#8220;El 15&#8221;, agredieron a efectivos de la Marina Armada de M\u00e9xico en Ciudad Guzm\u00e1n, cabecera municipal de Zapotl\u00e1n El Grande, cuando exig\u00edan en una manifestaci\u00f3n la aparici\u00f3n con vida de Luis Ren\u00e9 Alonso V\u00e1zquez, desaparecido en enero presuntamente por la Marina.<\/p>\n<p>La Semar se\u00f1al\u00f3 que los elementos navales fueron agredidos cuando circulaban a bordo de veh\u00edculos oficiales por la avenida Gobernador Alberto C\u00e1rdenas Jim\u00e9nez y Margarita Maza de Ju\u00e1rez, donde recibieron agresiones directas por m\u00e1s de un centenar de personas presuntamente se manifestaban por la presencia de elementos de la dependencia en la entidad.<\/p>\n","protected":false},"excerpt":{"rendered":"<p>Al &#8220;15&#8221; se le responsabiliza de la desaparici\u00f3n de los ciudadanos italianos, Antonio Russo, Rafaellle Russo y Vicenzo Cimmino, ocurrida en enero pasado en Tecalitl\u00e1n, Jalisco, \u00faltimo municipio en el que fueron vistos.<\/p>\n","protected":false},"author":6,"featured_media":0,"comment_status":"open","ping_status":"open","sticky":false,"template":"","format":"standard","meta":{"footnotes":""},"categories":[37],"tags":[],"class_list":["post-67885","post","type-post","status-publish","format-standard","hentry","category-barandilla"],"_links":{"self":[{"href":"https:\/\/plazajuarez.mx\/historico\/wp-json\/wp\/v2\/posts\/67885","targetHints":{"allow":["GET"]}}],"collection":[{"href":"https:\/\/plazajuarez.mx\/historico\/wp-json\/wp\/v2\/posts"}],"about":[{"href":"https:\/\/plazajuarez.mx\/historico\/wp-json\/wp\/v2\/types\/post"}],"author":[{"embeddable":true,"href":"https:\/\/plazajuarez.mx\/historico\/wp-json\/wp\/v2\/users\/6"}],"replies":[{"embeddable":true,"href":"https:\/\/plazajuarez.mx\/historico\/wp-json\/wp\/v2\/comments?post=67885"}],"version-history":[{"count":0,"href":"https:\/\/plazajuarez.mx\/historico\/wp-json\/wp\/v2\/posts\/67885\/revisions"}],"wp:attachment":[{"href":"https:\/\/plazajuarez.mx\/historico\/wp-json\/wp\/v2\/media?parent=67885"}],"wp:term":[{"taxonomy":"category","embeddable":true,"href":"https:\/\/plazajuarez.mx\/historico\/wp-json\/wp\/v2\/categories?post=67885"},{"taxonomy":"post_tag","embeddable":true,"href":"https:\/\/plazajuarez.mx\/historico\/wp-json\/wp\/v2\/tags?post=67885"}],"curies":[{"name":"wp","href":"https:\/\/api.w.org\/{rel}","templated":true}]}}