{"id":67868,"date":"2018-07-30T12:38:01","date_gmt":"2018-07-30T12:38:01","guid":{"rendered":"http:\/\/plazajuarez.mx\/index\/index.php\/2018\/07\/30\/alfil-negro-1294\/"},"modified":"2018-07-30T12:38:01","modified_gmt":"2018-07-30T12:38:01","slug":"alfil-negro-1294","status":"publish","type":"post","link":"https:\/\/plazajuarez.mx\/historico\/alfil-negro-1294\/","title":{"rendered":"ALFIL NEGRO"},"content":{"rendered":"<p>EL CAF\u00c9 HIERVE<br \/>PERO SE VA A ENFRIAR<\/p>\n<p>  <!--more-->  <\/p>\n<p>La victoria de los Sosistas-Morenistas en Hidalgo est\u00e1 todav\u00eda en el momento del caf\u00e9, cuando vive su momento del hervor, de tal manera que con ese impulso se mantienen en su discurso de salvadores de la patria y ni se diga del estado, en donde hasta el momento no se les ha o\u00eddo una sola palabra de solidaridad para con el Plan Estatal de Gobierno que representa \u00a0Omar Fayad como gobernador, al que por el contrario todo quieren corregirle con declaraciones, en las que lo menos que le dicen es que una vez que tomen posesi\u00f3n de sus encargos las cosas van a cambiar porque ellos van a poner orden, empezando por revertir lo que califican de medidas de los diputados manejados desde el Ejecutivo, para blindarse de lo que venga y para debilitar a los diputados que vienen.<br \/>Fue lo que dijo Abraham Mendoza Zenteno a los pies de don Benito Ju\u00e1rez y cobijado por los legisladores reci\u00e9n electos, entre ellos Ang\u00e9lica Garc\u00eda Arrieta, Roxana Montealegre, Humberto Veras y quien es su sombra que no no lo deja ni a sol ni sombra, \u00a0Dami\u00e1n Sosa, hermano de ya saben qui\u00e9n. <br \/>Pidi\u00f3 en esa ocasi\u00f3n el Presidente de Morena al diputado Eliseo Molina no ser el brazo ejecutor del Gobernador, sobre asuntos de rotaci\u00f3n en la Presidencia de la Junta de Gobierno del Congreso, y para muchos queda la cuesti\u00f3n de que si don Abraham no es el brazo ejecutor de las \u00f3rdenes de la garza mayor. \u00a0<br \/>Otra cosa es la obsesi\u00f3n por revertir los nombramientos de RA\u00daL ARROYO como Procurador General de Justicia del Estado, y a SERGIO Z\u00da\u00d1IGA Fiscal Contra Delitos Electorales no porque sean ineptos o no id\u00f3neos, nada de eso, sino porque fueron electos muy r\u00e1pidos y \u00a1hombre que les costaba hacerlo m\u00e1s lentamente!&#8230; y de planto esperarse para que los eligieran ellos al gusto de la garza.<br \/>Todo indica dicen los que saben del asunto, que lo que realmente molest\u00f3 y cal\u00f3 fue que se eligiera al licenciado ARROYO que vaya que si sabe de derecho y \u00a0que le conoce cosas al Grupo Universidad (GU) y que por lo mismo se convierte en un riesgo para ese grupo.<br \/>Por eso, los morenistas con el disfraz del enojo democr\u00e1tico amenazan que una vez que les llegue el uniforme del poder se la van a cobrar y fuerte, echando abajo estas decisiones, nom\u00e1s para que aprendan que donde manda capit\u00e1n no gobierna marinero.<br \/>Es el caf\u00e9 hirviendo el que habla.<br \/>Pero se va a enfriar y entonces las cosas van a su nivel.<br \/>Como lo que dice don RICARDO BAPTISTA sobre la construcci\u00f3n de la refiner\u00eda en Tula, porque sus estudios de pensante as\u00ed se \u00a0lo dictan en contra de lo que dicen los funcionarios del Peje. Tarde que temprano caer\u00e1 la careta de mentira y ese caf\u00e9 se enfriar\u00e1.<br \/>Lo mismo si la pr\u00f3xima legislatura inicia sus trabajos con la intenci\u00f3n de revertir lo que la actual ha llevado a cabo, en cuesti\u00f3n de nombramientos. Es posible que lo haga y que lo logre, pero habr\u00e1 dado una muestra de que lo que la mueve no es el inter\u00e9s del estado sino los intereses parcelarios del GU, que para salvar el pellejo por un Procurador al que le tienen pavor mover\u00e1n todo, incluso el marco legal para removerlo, porque en su nombramiento no se violent\u00f3 ninguna Ley y es v\u00e1lido.<br \/>Ser\u00eda un lamentable inicio, porque ser\u00eda una muestra de que ser\u00edan t\u00edteres al servicio de un patr\u00f3n que les ordenar\u00eda c\u00f3mo y por d\u00f3nde moverse.<br \/>El estado quedar\u00eda en segundo lugar.<br \/>En este momento est\u00e1n en su momento de hervor.<br \/>Es todav\u00eda el calor de la victoria. <br \/>Pero ese calor hay que mantenerlo \u00a0con acciones que sean buenas para la gente. <br \/>De lo contrario la factura se vuelve amarga.<\/p>\n","protected":false},"excerpt":{"rendered":"<p>EL CAF\u00c9 HIERVEPERO SE VA A ENFRIAR<\/p>\n","protected":false},"author":93,"featured_media":0,"comment_status":"open","ping_status":"open","sticky":false,"template":"","format":"standard","meta":{"footnotes":""},"categories":[42],"tags":[],"class_list":["post-67868","post","type-post","status-publish","format-standard","hentry","category-nuestrapalabra"],"_links":{"self":[{"href":"https:\/\/plazajuarez.mx\/historico\/wp-json\/wp\/v2\/posts\/67868","targetHints":{"allow":["GET"]}}],"collection":[{"href":"https:\/\/plazajuarez.mx\/historico\/wp-json\/wp\/v2\/posts"}],"about":[{"href":"https:\/\/plazajuarez.mx\/historico\/wp-json\/wp\/v2\/types\/post"}],"author":[{"embeddable":true,"href":"https:\/\/plazajuarez.mx\/historico\/wp-json\/wp\/v2\/users\/93"}],"replies":[{"embeddable":true,"href":"https:\/\/plazajuarez.mx\/historico\/wp-json\/wp\/v2\/comments?post=67868"}],"version-history":[{"count":0,"href":"https:\/\/plazajuarez.mx\/historico\/wp-json\/wp\/v2\/posts\/67868\/revisions"}],"wp:attachment":[{"href":"https:\/\/plazajuarez.mx\/historico\/wp-json\/wp\/v2\/media?parent=67868"}],"wp:term":[{"taxonomy":"category","embeddable":true,"href":"https:\/\/plazajuarez.mx\/historico\/wp-json\/wp\/v2\/categories?post=67868"},{"taxonomy":"post_tag","embeddable":true,"href":"https:\/\/plazajuarez.mx\/historico\/wp-json\/wp\/v2\/tags?post=67868"}],"curies":[{"name":"wp","href":"https:\/\/api.w.org\/{rel}","templated":true}]}}