{"id":67862,"date":"2018-07-30T12:34:53","date_gmt":"2018-07-30T12:34:53","guid":{"rendered":"http:\/\/plazajuarez.mx\/index\/index.php\/2018\/07\/30\/trump-y-amlo-luna-de-miel\/"},"modified":"2018-07-30T12:34:53","modified_gmt":"2018-07-30T12:34:53","slug":"trump-y-amlo-luna-de-miel","status":"publish","type":"post","link":"https:\/\/plazajuarez.mx\/historico\/trump-y-amlo-luna-de-miel\/","title":{"rendered":"Trump y AMLO; luna de miel"},"content":{"rendered":"<p>\u00a0\u00a0\u00a0 \u2022\u00a0\u00a0 \u00a0L\u00f3pez Obrador mantuvo como candidato una posici\u00f3n igualmente conciliadora hacia Trump. Y al pregunt\u00e1rsele qu\u00e9 pol\u00edtica seguir\u00eda hacia \u00e9l, siempre dijo que lo convencer\u00eda de que conven\u00eda a ambos pa\u00edses llevar una relaci\u00f3n de respeto y amistad; as\u00ed de f\u00e1ci\u2028<\/p>\n<p>  <!--more-->  <\/p>\n<p>Donald Trump es visto por la mayor\u00eda de mexicanos como enemigo de la naci\u00f3n; insulta, desprecia, amenaza a los mexicanos en general, y a los que viven all\u00e1 en particular. Los ha llamado delincuentes e incluso animales. De ah\u00ed el elevado costo pol\u00edtico que pag\u00f3 Enrique Pe\u00f1a Nieto al recibirlo, siendo apenas candidato, como si fuera ya jefe de Estado. Luis Videgaray, autor de la idea, tuvo que renunciar ante el repudio que eso gener\u00f3, si bien pudo regresar al gabinete cuando Trump finalmente s\u00ed gan\u00f3 (como si eso borrara el agravio). Pero el costo pol\u00edtico ya no fue enmendado. La pol\u00edtica conciliatoria del gobierno mexicano hacia el energ\u00fameno del norte le gener\u00f3 fuertes cr\u00edticas; se dijo que era humillante y servil, y que con tipos como Trump lo que hac\u00eda falta era tener una posici\u00f3n m\u00e1s en\u00e9rgica, pues el empresario respeta a quienes no se dejan, y desprecia y abusa de quienes se muestran d\u00e9biles. \u00c9l mismo as\u00ed lo expresa en sus escritos sobre c\u00f3mo negociar.<br \/>L\u00f3pez Obrador mantuvo como candidato una posici\u00f3n igualmente conciliadora hacia Trump. Y al pregunt\u00e1rsele qu\u00e9 pol\u00edtica seguir\u00eda hacia \u00e9l, siempre dijo que lo convencer\u00eda de que conven\u00eda a ambos pa\u00edses llevar una relaci\u00f3n de respeto y amistad; as\u00ed de f\u00e1cil. Cuando Trump elev\u00f3 algunos aranceles a M\u00e9xico, incluso Pe\u00f1a elev\u00f3 el tono, y los candidatos presidenciales hicieron duros se\u00f1alamientos contra Trump, salvo AMLO que mantuvo su discurso suave y conciliador. As\u00ed de seguro parece de su pol\u00edtica de appeasement hacia el presidente norteamericano. Cuando en 2017 el secretario de Seguridad de Trump, John Kelly, se expres\u00f3 con alarma sobre la eventualidad de &#8220;un gobierno antiestadounidense y de izquierda&#8221; en la frontera sur, simplemente lo interpret\u00f3 como una conjura (otra m\u00e1s) del gobierno norteamericano con el de M\u00e9xico. No pod\u00eda concebir que esa fuera una expresi\u00f3n propia del funcionario, o incluso de todo el gobierno de Trump, sin mediar un complot bilateral en su contra (moros con tranchete).<br \/>Y por cierto, muchos de quienes sosten\u00edan que AMLO jam\u00e1s llegar\u00eda al poder, inclu\u00edan la variable Estados Unidos, que jam\u00e1s lo permitir\u00eda bajo la perenne tesis de que ellos deciden todos y cada uno de los acontecimientos en M\u00e9xico. Ya se vio que no; pero la teor\u00eda conspirativa no termina ah\u00ed; si Estados Unidos permiti\u00f3 el triunfo de AMLO es que por alguna raz\u00f3n le conviene. Seguro es un pretexto para golpear con mayor raz\u00f3n a M\u00e9xico y preservar su apoyo electoral interno; o quiz\u00e1 somos una ficha m\u00e1s del tablero internacional que le permitir\u00e1 a Trump confrontar a sus m\u00faltiples enemigos con m\u00e1s eficacia. Como sea, a su triunfo L\u00f3pez Obrador ha recibido un excelente trato de parte de Trump. Dicha relaci\u00f3n inici\u00f3 con una luna de miel, que parad\u00f3jicamente ha durado m\u00e1s que la existente entre AMLO y varias instituciones y medios de comunicaci\u00f3n de M\u00e9xico, que para efectos pr\u00e1cticos acab\u00f3 a los veinte d\u00edas. Por ahora no ve a Trump como parte de una de las m\u00faltiples conspiraciones que percibe hasta debajo de su almohada (y sus respuestas a los cr\u00edticos o instituciones que lo contravienen recuerdan la forma de reaccionar del norteamericano).<br \/>En su carta a Trump, AMLO tuvo a bien equiparar su gesta nacional con la del norteamericano, aval\u00e1ndola impl\u00edcitamente como una sana transformaci\u00f3n (incluida su detestable pol\u00edtica migratoria, con ni\u00f1os enjaulados y todo). Vergonzoso. Pero el doble rasero vuelve a operar (y ser\u00e1 la constante en ese gobierno); lo que era repudiable en otros, en AMLO se justifica a plenitud. La respuesta de Trump, por otro lado, indica que mantiene sus elevadas pretensiones; construcci\u00f3n del muro; que M\u00e9xico detenga a los migrantes centroamericanos en su frontera sur; un tratado comercial pronto y favorable a Estados Unidos, o no habr\u00e1 ninguno. \u00c9l sigue calculando las cosas para la elecci\u00f3n de noviembre. Su respuesta no fue la de un jefe de Estado a otro jefe de Estado \u2014como el que AMLO le dio a Trump en su respectiva misiva\u2014 sino la de un patr\u00f3n a su subalterno.<br \/>Twitter: @JACrespo1<\/p>\n","protected":false},"excerpt":{"rendered":"<p>\u00a0\u00a0\u00a0 \u2022\u00a0\u00a0 \u00a0L\u00f3pez Obrador mantuvo como candidato una posici\u00f3n igualmente conciliadora hacia Trump. Y al pregunt\u00e1rsele qu\u00e9 pol\u00edtica seguir\u00eda hacia \u00e9l, siempre dijo que lo convencer\u00eda de que conven\u00eda a ambos pa\u00edses llevar una relaci\u00f3n de respeto y amistad; as\u00ed de f\u00e1ci\u2028<\/p>\n","protected":false},"author":93,"featured_media":0,"comment_status":"open","ping_status":"open","sticky":false,"template":"","format":"standard","meta":{"footnotes":""},"categories":[42],"tags":[],"class_list":["post-67862","post","type-post","status-publish","format-standard","hentry","category-nuestrapalabra"],"_links":{"self":[{"href":"https:\/\/plazajuarez.mx\/historico\/wp-json\/wp\/v2\/posts\/67862","targetHints":{"allow":["GET"]}}],"collection":[{"href":"https:\/\/plazajuarez.mx\/historico\/wp-json\/wp\/v2\/posts"}],"about":[{"href":"https:\/\/plazajuarez.mx\/historico\/wp-json\/wp\/v2\/types\/post"}],"author":[{"embeddable":true,"href":"https:\/\/plazajuarez.mx\/historico\/wp-json\/wp\/v2\/users\/93"}],"replies":[{"embeddable":true,"href":"https:\/\/plazajuarez.mx\/historico\/wp-json\/wp\/v2\/comments?post=67862"}],"version-history":[{"count":0,"href":"https:\/\/plazajuarez.mx\/historico\/wp-json\/wp\/v2\/posts\/67862\/revisions"}],"wp:attachment":[{"href":"https:\/\/plazajuarez.mx\/historico\/wp-json\/wp\/v2\/media?parent=67862"}],"wp:term":[{"taxonomy":"category","embeddable":true,"href":"https:\/\/plazajuarez.mx\/historico\/wp-json\/wp\/v2\/categories?post=67862"},{"taxonomy":"post_tag","embeddable":true,"href":"https:\/\/plazajuarez.mx\/historico\/wp-json\/wp\/v2\/tags?post=67862"}],"curies":[{"name":"wp","href":"https:\/\/api.w.org\/{rel}","templated":true}]}}