{"id":67701,"date":"2018-07-27T13:03:03","date_gmt":"2018-07-27T13:03:03","guid":{"rendered":"http:\/\/plazajuarez.mx\/index\/index.php\/2018\/07\/27\/lo-vinculan-a-proceso-por-robo-de-vehiculo\/"},"modified":"2018-07-27T13:03:03","modified_gmt":"2018-07-27T13:03:03","slug":"lo-vinculan-a-proceso-por-robo-de-vehiculo","status":"publish","type":"post","link":"https:\/\/plazajuarez.mx\/historico\/lo-vinculan-a-proceso-por-robo-de-vehiculo\/","title":{"rendered":"LO VINCULAN A PROCESO POR ROBO DE VEH\u00cdCULO"},"content":{"rendered":"<p>INVESTIGAN SI COMETI\u00d3 OTROS ROBOS<\/p>\n<p>  <!--more-->  <\/p>\n<p>Mediante un comunicado oficial, ayer se dio a conocer que a trav\u00e9s de la Unidad de Investigaci\u00f3n y Litigaci\u00f3n adscrita a la Coordinaci\u00f3n de Investigaci\u00f3n y Recuperaci\u00f3n de Veh\u00edculos Robados, de la Procuradur\u00eda General de Justicia del Estado de Hidalgo (PGJEH), se obtuvo la vinculaci\u00f3n a proceso de un hombre por su presunta relaci\u00f3n en el robo de un autom\u00f3vil.<br \/>Al abundar en la informaci\u00f3n se estableci\u00f3 que los hechos tuvieron lugar en el fraccionamiento \u201cLos Pinos\u201d del municipio de Tulancingo de Bravo, en donde se encontraba estacionada una camioneta marca Nissan, color blanco, con placas de circulaci\u00f3n del Estado de M\u00e9xico y que fue sustra\u00edda de dicho fraccionamiento.<br \/>As\u00ed mismo se dej\u00f3 en claro que la v\u00edctima y propietaria de la unidad, al percatarse que su veh\u00edculo hab\u00eda sido robado, acudi\u00f3 prontamente a las instalaciones de la Coordinaci\u00f3n de Investigaci\u00f3n y Recuperaci\u00f3n de Veh\u00edculos Robados de la PGJEH, para iniciar la carpeta de investigaci\u00f3n, donde se detallaron los pormenores del hurto.<br \/>Derivado de los acontecimientos anteriores, el agente del Ministerio P\u00fablico, solicit\u00f3 el apoyo de las grabaciones de las c\u00e1maras de seguridad que se encuentran ubicadas en las inmediaciones del lugar, con la finalidad de localizar el veh\u00edculo robado, ubic\u00e1ndolo en la comunidad de Santa Mar\u00eda Asunci\u00f3n.<br \/>Con la ayuda de polic\u00edas de investigaci\u00f3n, se logr\u00f3 el aseguramiento de A.O.D. quien portaba un objeto hechizo que presuntamente utilizaba para abrir veh\u00edculos, as\u00ed como llaves de diferentes marcas de veh\u00edculos.<br \/>Finalmente se comunic\u00f3 que el ahora imputado se puso a disposici\u00f3n del Ministerio P\u00fablico, quien lo present\u00f3 ante el Juez de control, mismo que dict\u00f3 su vinculaci\u00f3n a proceso por el delito de robo de veh\u00edculo, dictando la medida cautelar de prisi\u00f3n preventiva justificada por un a\u00f1o.<\/p>\n","protected":false},"excerpt":{"rendered":"<p>INVESTIGAN SI COMETI\u00d3 OTROS ROBOS<\/p>\n","protected":false},"author":93,"featured_media":0,"comment_status":"open","ping_status":"open","sticky":false,"template":"","format":"standard","meta":{"footnotes":""},"categories":[37],"tags":[],"class_list":["post-67701","post","type-post","status-publish","format-standard","hentry","category-barandilla"],"_links":{"self":[{"href":"https:\/\/plazajuarez.mx\/historico\/wp-json\/wp\/v2\/posts\/67701","targetHints":{"allow":["GET"]}}],"collection":[{"href":"https:\/\/plazajuarez.mx\/historico\/wp-json\/wp\/v2\/posts"}],"about":[{"href":"https:\/\/plazajuarez.mx\/historico\/wp-json\/wp\/v2\/types\/post"}],"author":[{"embeddable":true,"href":"https:\/\/plazajuarez.mx\/historico\/wp-json\/wp\/v2\/users\/93"}],"replies":[{"embeddable":true,"href":"https:\/\/plazajuarez.mx\/historico\/wp-json\/wp\/v2\/comments?post=67701"}],"version-history":[{"count":0,"href":"https:\/\/plazajuarez.mx\/historico\/wp-json\/wp\/v2\/posts\/67701\/revisions"}],"wp:attachment":[{"href":"https:\/\/plazajuarez.mx\/historico\/wp-json\/wp\/v2\/media?parent=67701"}],"wp:term":[{"taxonomy":"category","embeddable":true,"href":"https:\/\/plazajuarez.mx\/historico\/wp-json\/wp\/v2\/categories?post=67701"},{"taxonomy":"post_tag","embeddable":true,"href":"https:\/\/plazajuarez.mx\/historico\/wp-json\/wp\/v2\/tags?post=67701"}],"curies":[{"name":"wp","href":"https:\/\/api.w.org\/{rel}","templated":true}]}}