{"id":67483,"date":"2018-07-23T22:50:53","date_gmt":"2018-07-23T22:50:53","guid":{"rendered":"http:\/\/plazajuarez.mx\/index\/index.php\/2018\/07\/23\/el-mijis-formaliza-denuncia-por-presunto-atentado-en-su-contra\/"},"modified":"2018-07-23T22:50:53","modified_gmt":"2018-07-23T22:50:53","slug":"el-mijis-formaliza-denuncia-por-presunto-atentado-en-su-contra","status":"publish","type":"post","link":"https:\/\/plazajuarez.mx\/historico\/el-mijis-formaliza-denuncia-por-presunto-atentado-en-su-contra\/","title":{"rendered":"&#8220;El Mijis&#8221; formaliza denuncia por presunto atentado en su contra"},"content":{"rendered":"<p style=\"text-align: justify;\">Carrizales Becerra se\u00f1al\u00f3 que finalmente logr\u00f3 perder al otro veh\u00edculo cuando se aproxim\u00f3 a las instalaciones de la PGJE.<\/p>\n<p>  <!--more-->  <\/p>\n<p style=\"text-align: justify;\">Este lunes, Pedro Carrizales Becerra, &#8220;El Mijis&#8221;, diputado electo por el distrito local VIII de San Luis Potos\u00ed, present\u00f3 una denuncia de hechos ante la Procuradur\u00eda General de Justicia del Estado (PGJE) por el incidente del que fue v\u00edctima el pasado domingo en las inmediaciones del bulevar R\u00edo Santiago.<\/p>\n<p style=\"text-align: justify;\">Detall\u00f3 que ese d\u00eda se dirig\u00eda a las instalaciones del Partido Encuentro Social, ubicado en la calle de Nicol\u00e1s Zapata, por lo que decidi\u00f3 tomar la desviaci\u00f3n a la altura del puente Carlo Magno.<\/p>\n<p style=\"text-align: justify;\">Se\u00f1al\u00f3 que en alg\u00fan punto del trayecto, cerca de la calle Albino Garc\u00eda, se le emparej\u00f3 un carro desde donde le comenzaron a gritar palabras altisonantes, y posteriormente el conductor le comenz\u00f3 a &#8220;aventar el carro&#8221;, por lo que aceler\u00f3, pero el otro veh\u00edculo logr\u00f3 darle un golpe a un costado de la camioneta en la que viajaba.<\/p>\n<p style=\"text-align: justify;\">Carrizales Becerra se\u00f1al\u00f3 que finalmente logr\u00f3 perder al otro veh\u00edculo cuando se aproxim\u00f3 a las instalaciones de la PGJE.<\/p>\n","protected":false},"excerpt":{"rendered":"<p>Carrizales Becerra se\u00f1al\u00f3 que finalmente logr\u00f3 perder al otro veh\u00edculo cuando se aproxim\u00f3 a las instalaciones de la PGJE.<\/p>\n","protected":false},"author":1,"featured_media":0,"comment_status":"open","ping_status":"open","sticky":false,"template":"","format":"standard","meta":{"footnotes":""},"categories":[37],"tags":[],"class_list":["post-67483","post","type-post","status-publish","format-standard","hentry","category-barandilla"],"_links":{"self":[{"href":"https:\/\/plazajuarez.mx\/historico\/wp-json\/wp\/v2\/posts\/67483","targetHints":{"allow":["GET"]}}],"collection":[{"href":"https:\/\/plazajuarez.mx\/historico\/wp-json\/wp\/v2\/posts"}],"about":[{"href":"https:\/\/plazajuarez.mx\/historico\/wp-json\/wp\/v2\/types\/post"}],"author":[{"embeddable":true,"href":"https:\/\/plazajuarez.mx\/historico\/wp-json\/wp\/v2\/users\/1"}],"replies":[{"embeddable":true,"href":"https:\/\/plazajuarez.mx\/historico\/wp-json\/wp\/v2\/comments?post=67483"}],"version-history":[{"count":0,"href":"https:\/\/plazajuarez.mx\/historico\/wp-json\/wp\/v2\/posts\/67483\/revisions"}],"wp:attachment":[{"href":"https:\/\/plazajuarez.mx\/historico\/wp-json\/wp\/v2\/media?parent=67483"}],"wp:term":[{"taxonomy":"category","embeddable":true,"href":"https:\/\/plazajuarez.mx\/historico\/wp-json\/wp\/v2\/categories?post=67483"},{"taxonomy":"post_tag","embeddable":true,"href":"https:\/\/plazajuarez.mx\/historico\/wp-json\/wp\/v2\/tags?post=67483"}],"curies":[{"name":"wp","href":"https:\/\/api.w.org\/{rel}","templated":true}]}}