{"id":67481,"date":"2018-07-23T20:05:58","date_gmt":"2018-07-23T20:05:58","guid":{"rendered":"http:\/\/plazajuarez.mx\/index\/index.php\/2018\/07\/23\/a-traves-de-un-verano-alegre-y-diferente-impulsa-dif-pachuca-inclusion-social\/"},"modified":"2018-07-23T20:05:58","modified_gmt":"2018-07-23T20:05:58","slug":"a-traves-de-un-verano-alegre-y-diferente-impulsa-dif-pachuca-inclusion-social","status":"publish","type":"post","link":"https:\/\/plazajuarez.mx\/historico\/a-traves-de-un-verano-alegre-y-diferente-impulsa-dif-pachuca-inclusion-social\/","title":{"rendered":"A trav\u00e9s de un verano alegre y diferente, impulsa DIF Pachuca inclusi\u00f3n social"},"content":{"rendered":"<p style=\"text-align: justify;\">Adem\u00e1s de danza, teatro y expresi\u00f3n corporal, contar\u00e1n con una introducci\u00f3n al lenguaje de se\u00f1as.<\/p>\n<p>  <!--more-->  <\/p>\n<p style=\"text-align: justify;\">Ante el gran entusiasmo de 159 ni\u00f1os, de entre seis y doce a\u00f1os, este lunes la alcaldesa de Pachuca, Yolanda Teller\u00eda Beltr\u00e1n, y la presidenta del Patronato del Sistema DIF municipal, Paola Ludlow Teller\u00eda, inauguraron el curso \u201cUn Verano Alegre y DIFerente\u201d, en el cual por primera vez participan ni\u00f1os y monitores con discapacidad.<\/p>\n<p style=\"text-align: justify;\">Con sede en el Bioparque de Convivencia y luego de una representaci\u00f3n art\u00edstica de \u201cEl Rey Le\u00f3n\u201d, que alegr\u00f3 a los asistentes, Paola Ludlow, destac\u00f3 la importancia de realizar acciones para impulsar la inclusi\u00f3n social en el municipio.<\/p>\n<p style=\"text-align: justify;\">\u201cEs un tema en el que estamos trabajando desde el inicio de la administraci\u00f3n porque buscamos eliminar las barreras que existen hacia las personas con discapacidad\u201d, dijo.<\/p>\n<p style=\"text-align: justify;\">Agreg\u00f3 que adem\u00e1s de danza, teatro y expresi\u00f3n corporal, los participantes convivir\u00e1n con personas que tienen sordera, quienes les dar\u00e1n una introducci\u00f3n a la lengua de se\u00f1as, \u00a0a fin de brindarles herramientas b\u00e1sicas para comunicarse con ellos, adem\u00e1s de preparar una canci\u00f3n que formar\u00e1 parte de la presentaci\u00f3n final del curso.<\/p>\n<p style=\"text-align: justify;\">Por otra parte, la alcaldesa, Yolanda Teller\u00eda, resalt\u00f3 que las actividades que realizar\u00e1n los participantes est\u00e1n enfocadas en la campa\u00f1a \u201cConstruyamos con Valores\u201d, para que el aprendizaje de los ni\u00f1os sea tambi\u00e9n a nivel emocional.<\/p>\n<p style=\"text-align: justify;\">Es importante destacar que para llevar a cabo este curso de verano se unieron empresas como OXXO, Ciel, Volkswagen Pachuca, Pasteler\u00edas Geo, Interm\u00e9dica, Centro M\u00e9dico Marfyl y GEMI International, quienes realizaron aportaciones de art\u00edculos y materiales requeridos para el desarrollo del mismo.<\/p>\n","protected":false},"excerpt":{"rendered":"<p>Adem\u00e1s de danza, teatro y expresi\u00f3n corporal, contar\u00e1n con una introducci\u00f3n al lenguaje de se\u00f1as.<\/p>\n","protected":false},"author":1,"featured_media":0,"comment_status":"open","ping_status":"open","sticky":false,"template":"","format":"standard","meta":{"footnotes":""},"categories":[59],"tags":[],"class_list":["post-67481","post","type-post","status-publish","format-standard","hentry","category-general"],"_links":{"self":[{"href":"https:\/\/plazajuarez.mx\/historico\/wp-json\/wp\/v2\/posts\/67481","targetHints":{"allow":["GET"]}}],"collection":[{"href":"https:\/\/plazajuarez.mx\/historico\/wp-json\/wp\/v2\/posts"}],"about":[{"href":"https:\/\/plazajuarez.mx\/historico\/wp-json\/wp\/v2\/types\/post"}],"author":[{"embeddable":true,"href":"https:\/\/plazajuarez.mx\/historico\/wp-json\/wp\/v2\/users\/1"}],"replies":[{"embeddable":true,"href":"https:\/\/plazajuarez.mx\/historico\/wp-json\/wp\/v2\/comments?post=67481"}],"version-history":[{"count":0,"href":"https:\/\/plazajuarez.mx\/historico\/wp-json\/wp\/v2\/posts\/67481\/revisions"}],"wp:attachment":[{"href":"https:\/\/plazajuarez.mx\/historico\/wp-json\/wp\/v2\/media?parent=67481"}],"wp:term":[{"taxonomy":"category","embeddable":true,"href":"https:\/\/plazajuarez.mx\/historico\/wp-json\/wp\/v2\/categories?post=67481"},{"taxonomy":"post_tag","embeddable":true,"href":"https:\/\/plazajuarez.mx\/historico\/wp-json\/wp\/v2\/tags?post=67481"}],"curies":[{"name":"wp","href":"https:\/\/api.w.org\/{rel}","templated":true}]}}