{"id":67480,"date":"2018-07-23T19:24:30","date_gmt":"2018-07-23T19:24:30","guid":{"rendered":"http:\/\/plazajuarez.mx\/index\/index.php\/2018\/07\/23\/lo-mas-destacado-de-la-jornada-1-del-futbol-mexicano\/"},"modified":"2018-07-23T19:24:30","modified_gmt":"2018-07-23T19:24:30","slug":"lo-mas-destacado-de-la-jornada-1-del-futbol-mexicano","status":"publish","type":"post","link":"https:\/\/plazajuarez.mx\/historico\/lo-mas-destacado-de-la-jornada-1-del-futbol-mexicano\/","title":{"rendered":"Lo m\u00e1s destacado de la Jornada 1 del futbol mexicano"},"content":{"rendered":"<p>Una primera jornada del Apertura 2018 que dej\u00f3 muchas emociones, tanto positivas como negativas, y eso que esto apenas comienza.<\/p>\n<p>  <!--more-->  <\/p>\n<p>Nueve partidos con 19 goles y solo un empate fue el saldo del reinicio de la Liga MX. Una primera jornada del Apertura 2018 que dej\u00f3 muchas emociones, tanto positivas como negativas, y eso que esto apenas comienza.<\/p>\n<p>Cruz Azul regres\u00f3 al Estadio Azteca con triunfo 3-0 ante Puebla. La afici\u00f3n respondi\u00f3 con una entrada de 45, 835 asistentes, la de mayor n\u00famero en esta fecha. Y la fiesta la complet\u00f3 el equipo que dirige Pedro Caixinha con los goles de Andr\u00e9s Renter\u00eda, Milton Caraglio y El\u00edas Hern\u00e1ndez, los tres refuerzos para esta temporada.<\/p>\n<p>No todo fue bueno, el arbitraje hizo de las suyas. Primero con el silbante Roberto Rios J\u00e1come, quien gener\u00f3 la pol\u00e9mica por sus decisiones en los dos goles de la M\u00e1quina sobre la Franja. Luego, Jos\u00e9 Alfredo Pe\u00f1aloza, \u00e1rbitro del Toluca contra Morelia que anul\u00f3 un tanto michoacano que termin\u00f3 en el 2-0 choricero, en una jugada muy confusa.<\/p>\n<p>Para este Apertura 2018 hay muchas caras nuevas. Entre ellas destaca la del joven t\u00e9cnico del Necaxa, Marcelo Michel Lea\u00f1o. A sus 31 a\u00f1os y sin haber sido futbolista profesional, debut\u00f3 en la Primera Divisi\u00f3n con una victoria 2-1 de los Rayos sobre el Am\u00e9rica.<\/p>\n<p>No fue el \u00fanico que se estren\u00f3 con buenas sensaciones. Lo mismo ocurri\u00f3 con el futbolista colombiano Roger Mart\u00ednez, quien solo se tard\u00f3 71 minutos en anotar su primer gol con las \u00c1guilas. Lo malo fue la derrota final, pero no qued\u00f3 en \u00e9l. Caso contrario a Felipe Mora que tambi\u00e9n marc\u00f3 en su debut, para el triunfo de Pumas 2-0 sobre Veracruz.<\/p>\n<p>Finalmente, no se puede olvidar al actual campe\u00f3n del futbol mexicano. Si bien Santos Laguna perdi\u00f3 algunos elementos importantes que le ayudaron al t\u00edtulo, la remontada ante Lobos BUAP para un marcador final de 2-1 demostr\u00f3 que todav\u00eda tiene piezas suficientes para defender su cetro.<\/p>\n","protected":false},"excerpt":{"rendered":"<p>Una primera jornada del Apertura 2018 que dej\u00f3 muchas emociones, tanto positivas como negativas, y eso que esto apenas comienza.<\/p>\n","protected":false},"author":6,"featured_media":0,"comment_status":"open","ping_status":"open","sticky":false,"template":"","format":"standard","meta":{"footnotes":""},"categories":[39],"tags":[],"class_list":["post-67480","post","type-post","status-publish","format-standard","hentry","category-deportiva"],"_links":{"self":[{"href":"https:\/\/plazajuarez.mx\/historico\/wp-json\/wp\/v2\/posts\/67480","targetHints":{"allow":["GET"]}}],"collection":[{"href":"https:\/\/plazajuarez.mx\/historico\/wp-json\/wp\/v2\/posts"}],"about":[{"href":"https:\/\/plazajuarez.mx\/historico\/wp-json\/wp\/v2\/types\/post"}],"author":[{"embeddable":true,"href":"https:\/\/plazajuarez.mx\/historico\/wp-json\/wp\/v2\/users\/6"}],"replies":[{"embeddable":true,"href":"https:\/\/plazajuarez.mx\/historico\/wp-json\/wp\/v2\/comments?post=67480"}],"version-history":[{"count":0,"href":"https:\/\/plazajuarez.mx\/historico\/wp-json\/wp\/v2\/posts\/67480\/revisions"}],"wp:attachment":[{"href":"https:\/\/plazajuarez.mx\/historico\/wp-json\/wp\/v2\/media?parent=67480"}],"wp:term":[{"taxonomy":"category","embeddable":true,"href":"https:\/\/plazajuarez.mx\/historico\/wp-json\/wp\/v2\/categories?post=67480"},{"taxonomy":"post_tag","embeddable":true,"href":"https:\/\/plazajuarez.mx\/historico\/wp-json\/wp\/v2\/tags?post=67480"}],"curies":[{"name":"wp","href":"https:\/\/api.w.org\/{rel}","templated":true}]}}