{"id":67479,"date":"2018-07-23T19:17:03","date_gmt":"2018-07-23T19:17:03","guid":{"rendered":"http:\/\/plazajuarez.mx\/index\/index.php\/2018\/07\/23\/en-mexico-diariamente-son-asesinados-3-ninos-y-adolescentes\/"},"modified":"2018-07-23T19:17:03","modified_gmt":"2018-07-23T19:17:03","slug":"en-mexico-diariamente-son-asesinados-3-ninos-y-adolescentes","status":"publish","type":"post","link":"https:\/\/plazajuarez.mx\/historico\/en-mexico-diariamente-son-asesinados-3-ninos-y-adolescentes\/","title":{"rendered":"&#8220;En M\u00e9xico diariamente son asesinados 3 ni\u00f1os y adolescentes&#8221;"},"content":{"rendered":"<p>De acuerdo con la Encuesta Nacional Sobre Discriminaci\u00f3n, los j\u00f3venes entre 12 y 17 a\u00f1os son el grupo que m\u00e1s reconoce la diversidad sexual, religiosa y pol\u00edtica.<\/p>\n<p>  <!--more-->  <\/p>\n<p>En M\u00e9xico son asesinados 3.1 ni\u00f1os y adolescentes cada d\u00eda y hay casi 7 mil que est\u00e1n desaparecidos, indic\u00f3 Ricardo Bucio M\u00fajica, secretario ejecutivo del Sistema Nacional de Protecci\u00f3n Integral de Ni\u00f1as, Ni\u00f1os y Adolescentes (Sipinna), en la inauguraci\u00f3n del Primer Encuentro de la Red Nacional de Adolescentes.<\/p>\n<p>En el evento, el titular del Sipinna dijo: &#8220;Son 3.1 ni\u00f1os y adolescentes que son asesinados cada d\u00eda en el pa\u00eds, ha bajado, ten\u00edamos, en 2010, 4.2. Ha disminuido pero han aumentado los casos de otras formas de violencia, por ejemplo, tenemos entre 2006 y 2015 casi 7 mil ni\u00f1os y adolescentes reportados como desaparecidos que no han sido localizados&#8221;.<\/p>\n<p>Asegur\u00f3 que &#8220;hay una enorme preocupaci\u00f3n por lo que viven&#8221; los menores de edad, y que ha habido avances en el pa\u00eds en materia de derechos humanos, porque con la Ley General de Ni\u00f1as, Ni\u00f1os y Adolescentes cambi\u00f3 el esquema de relaci\u00f3n, y ahora son reconocidos como sujetos con garant\u00edas.<\/p>\n<p>Coment\u00f3 que en M\u00e9xico uno de los mayores problemas es que todos quieren que se respeten sus derechos, pero no los de los dem\u00e1s. &#8220;Normalmente nos organizamos con las personas que tienen caracter\u00edsticas similares a las nuestras y vamos dejando afuera, a veces leg\u00edtimamente, a quienes son diferentes&#8221;.<\/p>\n<p>Bucio M\u00fajica dijo que de acuerdo con la Encuesta Nacional Sobre Discriminaci\u00f3n, los j\u00f3venes entre 12 y 17 a\u00f1os son el grupo que m\u00e1s reconoce la diversidad sexual, religiosa y pol\u00edtica.<\/p>\n<p>Sin embargo, tambi\u00e9n son el sector que m\u00e1s justifica la violencia contra las mujeres y que est\u00e1 en contra de la migraci\u00f3n extranjera, lo que representa una percepci\u00f3n contradictoria, &#8220;que tiene que ver con identidad, pero tambi\u00e9n con un pa\u00eds en el que se quieren los derechos, pero que no se quieren soltar los privilegios&#8221;.<\/p>\n<p>&#8220;Todas las personas tenemos la misma dignidad&#8221; y debemos trabajar para que todos los otros puedan tener las mismas condiciones, resalt\u00f3.<\/p>\n<p>Christian Skoog, representante de UNICEF en M\u00e9xico, destac\u00f3 que la violencia es un problema muy importante en el mundo y que se vive en todos los lugares, como la escuela e incluso en la familia.<\/p>\n<p>&#8220;M\u00e9xico es un pa\u00eds en el que lamentablemente hay mucha violencia&#8221;, dijo y a\u00f1adi\u00f3 que por eso se sum\u00f3 a la red para proteger a ni\u00f1as, ni\u00f1os y adolescentes.<\/p>\n<p>Explic\u00f3 que UNICEF ha trabajado en el pa\u00eds elaborando un plan nacional para implementar acciones principales, pero falta la voz de los ni\u00f1os y adolescentes que son quienes viven la violencia.<\/p>\n<p>Por esa raz\u00f3n, resalt\u00f3 la participaci\u00f3n en el Primer Encuentro de la Red Nacional de Adolescentes de 74 j\u00f3venes de 23 estados del pa\u00eds, quienes trabajan en sus entidades para prevenir la violencia.<\/p>\n<p>&#8220;Queremos articular la pasi\u00f3n para tener un M\u00e9xico sin violencia contra ni\u00f1os y adolescentes&#8221;, por lo que es fundamental canalizar las acciones en ese camino, afirm\u00f3.<\/p>\n<p>Mireya Barbosa, titular de la Unidad de Desarrollo e Integraci\u00f3n Institucional de la Comisi\u00f3n Nacional de Seguridad, destac\u00f3: &#8220;Ustedes, los j\u00f3venes, son los principales creadores de la paz&#8221;, porque son agentes de cambio.<\/p>\n<p>Enfatiz\u00f3 la importancia de la sociedad para que los proyectos en favor de los ni\u00f1os y adolescentes trasciendan el ciclo de cualquier administraci\u00f3n de gobierno.<\/p>\n","protected":false},"excerpt":{"rendered":"<p>De acuerdo con la Encuesta Nacional Sobre Discriminaci\u00f3n, los j\u00f3venes entre 12 y 17 a\u00f1os son el grupo que m\u00e1s reconoce la diversidad sexual, religiosa y pol\u00edtica.<\/p>\n","protected":false},"author":6,"featured_media":0,"comment_status":"open","ping_status":"open","sticky":false,"template":"","format":"standard","meta":{"footnotes":""},"categories":[36],"tags":[],"class_list":["post-67479","post","type-post","status-publish","format-standard","hentry","category-nacion"],"_links":{"self":[{"href":"https:\/\/plazajuarez.mx\/historico\/wp-json\/wp\/v2\/posts\/67479","targetHints":{"allow":["GET"]}}],"collection":[{"href":"https:\/\/plazajuarez.mx\/historico\/wp-json\/wp\/v2\/posts"}],"about":[{"href":"https:\/\/plazajuarez.mx\/historico\/wp-json\/wp\/v2\/types\/post"}],"author":[{"embeddable":true,"href":"https:\/\/plazajuarez.mx\/historico\/wp-json\/wp\/v2\/users\/6"}],"replies":[{"embeddable":true,"href":"https:\/\/plazajuarez.mx\/historico\/wp-json\/wp\/v2\/comments?post=67479"}],"version-history":[{"count":0,"href":"https:\/\/plazajuarez.mx\/historico\/wp-json\/wp\/v2\/posts\/67479\/revisions"}],"wp:attachment":[{"href":"https:\/\/plazajuarez.mx\/historico\/wp-json\/wp\/v2\/media?parent=67479"}],"wp:term":[{"taxonomy":"category","embeddable":true,"href":"https:\/\/plazajuarez.mx\/historico\/wp-json\/wp\/v2\/categories?post=67479"},{"taxonomy":"post_tag","embeddable":true,"href":"https:\/\/plazajuarez.mx\/historico\/wp-json\/wp\/v2\/tags?post=67479"}],"curies":[{"name":"wp","href":"https:\/\/api.w.org\/{rel}","templated":true}]}}