{"id":67453,"date":"2018-07-23T12:42:47","date_gmt":"2018-07-23T12:42:47","guid":{"rendered":"http:\/\/plazajuarez.mx\/index\/index.php\/2018\/07\/23\/la-silenciosa-disputa-por-el-cisen\/"},"modified":"2018-07-23T12:42:47","modified_gmt":"2018-07-23T12:42:47","slug":"la-silenciosa-disputa-por-el-cisen","status":"publish","type":"post","link":"https:\/\/plazajuarez.mx\/historico\/la-silenciosa-disputa-por-el-cisen\/","title":{"rendered":"La silenciosa disputa por el Cisen"},"content":{"rendered":"<p>Retrato Hereje<br \/>\u00a0\u00a0 \u00a0\u2022\u00a0\u00a0 \u00a0Fuentes cercanas a esta definici\u00f3n aseguraron que L\u00f3pez Obrador se inclin\u00f3 por crear una Agencia Central de Inteligencia (ACI) que re\u00fana la infraestructura actualmente dispersa en diferentes agencias oficiales\u2028<\/p>\n<p>  <!--more-->  <\/p>\n<p>El equipo de transici\u00f3n del virtual presidente electo, Andr\u00e9s Manuel L\u00f3pez Obrador, parece haber resuelto, al menos en principio, una pugna sobre qui\u00e9n controlar\u00e1 los servicios de inteligencia distribuidos en las diversas \u00e1reas del gobierno federal. Aquel que disponga de ellos no s\u00f3lo tendr\u00e1 mayores herramientas para cumplir con eficacia su tarea; tambi\u00e9n acumular\u00e1 el poder pol\u00edtico que siempre emana del uso de informaci\u00f3n sensible.<br \/>Fuentes cercanas a esta definici\u00f3n aseguraron que L\u00f3pez Obrador se inclin\u00f3 por crear una Agencia Central de Inteligencia (ACI) que re\u00fana la infraestructura actualmente dispersa en diferentes agencias oficiales, con excepci\u00f3n de \u00e1mbitos como los de la Secretar\u00eda de Hacienda, que utiliza a la Unidad de Inteligencia Financiera (UIF) y al Servicio de Administraci\u00f3n Tributaria (SAT) para detectar movimientos sospechosos de efectivo y otros recursos.<br \/>Lo mismo ocurre con la Comisi\u00f3n Nacional Bancaria y de Valores (CNBV). Ambos sectores est\u00e1n sujetos a una regulaci\u00f3n internacional que protege el secreto bancario salvo casos excepcionales previstos en las mismas normas, que incluyen restricciones de acceso a funcionarios policiales por el riesgo de contaminaci\u00f3n proveniente de agrupaciones criminales.<br \/>Pero la ACI tendr\u00e1 un enorme poder si como est\u00e1 previsto, reunir\u00e1 las \u00e1reas de inteligencia de lo que hoy es el Centro de Investigaci\u00f3n y Seguridad Nacional (Cisen), encuadrado hasta ahora en la Secretar\u00eda de Gobernaci\u00f3n, y las entidades correspondientes de la Procuradur\u00eda General de la Rep\u00fablica, las secretar\u00edas de la Defensa Nacional y de Marina, y la actual Comisi\u00f3n Nacional de Seguridad.<br \/>La ACI como ahora el Cisen, recolectar\u00eda inteligencia nacional t\u00e1ctica y ofrecer\u00eda una an\u00e1lisis estrat\u00e9gico inicial que podr\u00e1 ser consultado por diversos &#8220;usuarios&#8221;, es decir las dependencias que requieren este insumo para acciones operativas de diverso g\u00e9nero. Estos &#8220;usuarios&#8221; dispondr\u00edan de &#8220;claves&#8221; de acceso con atributos diferentes, que limitar\u00edan el tipo de informaci\u00f3n que puedan recoger del sistema.<br \/>La ACI estar\u00eda integrada en la pr\u00f3ximamente renacida Secretar\u00eda de Seguridad P\u00fablica, a cuyo frente est\u00e1 perfilado Alfonso Durazo. El pol\u00edtico sonorense, que el pasado d\u00eda 11 cumpli\u00f3 64 a\u00f1os de edad, es ingeniero por la UNAM y abogado por la Universidad Aut\u00f3noma Metropolitana (UAM).<br \/>Entre 1992 y 1994 fue secretario privado de su paisano Luis Donaldo Colosio, el candidato presidencial pri\u00edsta asesinado en marzo de ese \u00faltimo a\u00f1o. En el 2000 renunci\u00f3 al PRI para apoyar a Vicente Fox, quien lo sum\u00f3 a su equipo como secretario particular y, a partir de 2003, tambi\u00e9n como vocero. En 2004 renunci\u00f3 a ambas posiciones mediante una amplia carta.<br \/>En 2006 Durazo Monta\u00f1o se pronunci\u00f3 en favor de la candidatura presidencial de Andr\u00e9s Manuel L\u00f3pez Obrador, lo que reiter\u00f3 en la campa\u00f1a de 2012. En 2015 fue designado presidente de Morena en Sonora.<br \/>En las semanas previas a esta definici\u00f3n los equipos que se han empezado a integrar en torno a Olga S\u00e1nchez Cordero, futura secretaria de Gobernaci\u00f3n, y del citado Durazo, mostraron una civilizada, pero tensa relaci\u00f3n, no solo por el eventual destino del Cisen, sino por la aparente pretensi\u00f3n del sonorense de aglutinar tambi\u00e9n en su pr\u00f3xima secretar\u00eda y bajo su mando, a todas las polic\u00edas federales.<br \/>Esta expectativa ha hecho levantar las cejas de expertos en este campo, preocupados no solamente por el dise\u00f1o del pr\u00f3ximo gobierno que, de acuerdo con informaci\u00f3n disponible, L\u00f3pez Obrador buscar\u00e1 promover a partir de septiembre pr\u00f3ximo en el Congreso de la Uni\u00f3n, a trav\u00e9s de las bancadas de Morena. Ello, con la intenci\u00f3n de que las nuevas estructuras entren en funcionamiento en diciembre, cuando se haga cargo de la Presidencia de la Rep\u00fablica.<br \/>El motivo de inquietud central de expertos consultados es si el propio equipo de transici\u00f3n del gobierno electo cuenta con el diagn\u00f3stico suficientemente exhaustivo para dotar de sentido y viabilidad al modelo que imagina.<br \/>De acuerdo con estas fuentes, la configuraci\u00f3n de las instituciones ligadas a los temas de justicia ha estado sometida, durante la administraci\u00f3n Pe\u00f1a Nieto, a la visi\u00f3n, estrategia y en algunos casos, el capricho de un grupo compacto de funcionarios p\u00fablicos con el poder suficiente de dejar instalada para el pr\u00f3ximo gobierno una bomba de tiempo, o con los amarres necesarios para seguir operado sus intereses desde afuera.<br \/>Este grupo de poderosos caballeros es conocido en el argot pol\u00edtico y judicial como &#8220;Los Betos&#8221;, y es encabezado por Humberto &#8220;Beto&#8221; Castillejos. \u00c9l se desempe\u00f1\u00f3 como consejero jur\u00eddico en la casa presidencial, desde donde traz\u00f3 una telara\u00f1a de designaciones en el gobierno federal, en administraciones estatales, tribunales y \u00f3rganos aut\u00f3nomos.<br \/>Tambi\u00e9n forma parte de esta exclusiva cofrad\u00eda Alberto &#8220;Beto&#8221; Bazbaz, ex procurador de Justicia en el Estado de M\u00e9xico, ex responsable de la Unidad de Inteligencia Financiera en la Secretar\u00eda de Hacienda y actual director del Cisen. El \u00faltimo, el m\u00e1s novato del grupo es Alberto &#8220;Beto&#8221; El\u00edas Beltr\u00e1n, hoy procurador general de la Rep\u00fablica encargado.<br \/>Correo: rockroberto@gmail.com<\/p>\n","protected":false},"excerpt":{"rendered":"<p>Retrato Hereje\u00a0\u00a0 \u00a0\u2022\u00a0\u00a0 \u00a0Fuentes cercanas a esta definici\u00f3n aseguraron que L\u00f3pez Obrador se inclin\u00f3 por crear una Agencia Central de Inteligencia (ACI) que re\u00fana la infraestructura actualmente dispersa en diferentes agencias oficiales\u2028<\/p>\n","protected":false},"author":93,"featured_media":0,"comment_status":"open","ping_status":"open","sticky":false,"template":"","format":"standard","meta":{"footnotes":""},"categories":[42],"tags":[],"class_list":["post-67453","post","type-post","status-publish","format-standard","hentry","category-nuestrapalabra"],"_links":{"self":[{"href":"https:\/\/plazajuarez.mx\/historico\/wp-json\/wp\/v2\/posts\/67453","targetHints":{"allow":["GET"]}}],"collection":[{"href":"https:\/\/plazajuarez.mx\/historico\/wp-json\/wp\/v2\/posts"}],"about":[{"href":"https:\/\/plazajuarez.mx\/historico\/wp-json\/wp\/v2\/types\/post"}],"author":[{"embeddable":true,"href":"https:\/\/plazajuarez.mx\/historico\/wp-json\/wp\/v2\/users\/93"}],"replies":[{"embeddable":true,"href":"https:\/\/plazajuarez.mx\/historico\/wp-json\/wp\/v2\/comments?post=67453"}],"version-history":[{"count":0,"href":"https:\/\/plazajuarez.mx\/historico\/wp-json\/wp\/v2\/posts\/67453\/revisions"}],"wp:attachment":[{"href":"https:\/\/plazajuarez.mx\/historico\/wp-json\/wp\/v2\/media?parent=67453"}],"wp:term":[{"taxonomy":"category","embeddable":true,"href":"https:\/\/plazajuarez.mx\/historico\/wp-json\/wp\/v2\/categories?post=67453"},{"taxonomy":"post_tag","embeddable":true,"href":"https:\/\/plazajuarez.mx\/historico\/wp-json\/wp\/v2\/tags?post=67453"}],"curies":[{"name":"wp","href":"https:\/\/api.w.org\/{rel}","templated":true}]}}