{"id":67451,"date":"2018-07-23T12:42:47","date_gmt":"2018-07-23T12:42:47","guid":{"rendered":"http:\/\/plazajuarez.mx\/index\/index.php\/2018\/07\/23\/sorprenden-cantantes-de-opera-en-el-mercado\/"},"modified":"2018-07-23T12:42:47","modified_gmt":"2018-07-23T12:42:47","slug":"sorprenden-cantantes-de-opera-en-el-mercado","status":"publish","type":"post","link":"https:\/\/plazajuarez.mx\/historico\/sorprenden-cantantes-de-opera-en-el-mercado\/","title":{"rendered":"Sorprenden cantantes de \u00f3pera en el mercado"},"content":{"rendered":"<p>El espect\u00e1culo forma parte del Programa de acci\u00f3n cultural comunitaria y que a partir del pasado viernes y hasta el 25 de agosto llegar\u00e1 a 112 colonias de alta y muy alta marginaci\u00f3n de las 16 delegaciones de la capital del pa\u00eds<\/p>\n<p>  <!--more-->  <\/p>\n<p>Se escucha una m\u00fasica inusual en la verduler\u00eda, en medio del barullo y de los pedidos de los marchantes. &#8220;P\u00e1same dos aguacates&#8221;, &#8220;\u00bfa cu\u00e1nto el kilo de nopal?&#8221;. Los sonidos orquestales que emergen de las bocinas se imponen. De pronto, el tenor Dante Alcal\u00e1, con la bata caracter\u00edstica de quien atiende una marisquer\u00eda, comienza a cantar la romanza &#8220;Una furtiva l\u00e1grima&#8221;, el aria m\u00e1s famosa de la \u00f3pera El elixir de amor, de Donizetti. <br \/>El int\u00e9rprete hace una pausa, toma aire y en el mercado de la colonia M\u00e1rtires de R\u00edo Blanco, en la delegaci\u00f3n Gustavo A. Madero, se puede percibir el silencio y enseguida los aplausos de la gente que en un d\u00eda cotidiano, a las 2 de la tarde, se ha convertido en p\u00fablico. <br \/>La soprano Enivia Mendoza es la siguiente en cantar sobre una tarima. &#8220;O mio babino caro&#8221; de la \u00f3pera Gianni Schicchi, de Puccini. Acaricia dos cebollas, las mira, hace algunos malabares con ellas, las deja y comienza observar a los visitantes del mercado que han hecho una pausa en sus vidas con asombro. Desde otro punto, la mezzosoprano Belem Rodr\u00edguez canta otra de las arias m\u00e1s famosas del repertorio oper\u00edstico, &#8220;Habanera&#8221; de Carmen, de Bizet, camina entre las personas, juega con su cabello y les sonr\u00ede a los que la observan con extra\u00f1eza. <br \/>El tenor Francisco Pedroza, quien es locatario del mercado y es el \u00fanico de los cantantes que trabaja como voluntario en este proyecto llamado \u00d3pera en el mercado, impulsado por el Instituto Nacional de Bellas Artes, se muestra satisfecho con el espect\u00e1culo que forma parte del Programa de acci\u00f3n cultural comunitaria y que a partir de este viernes y hasta el 25 de agosto llegar\u00e1 a 112 colonias de alta y muy alta marginaci\u00f3n de las 16 delegaciones de la capital del pa\u00eds.<br \/>&#8220;Me deja un sabor de boca excelente; los comerciantes, compa\u00f1eros, nos recibieron con mucho gusto. Espero que despu\u00e9s de esto adoptemos la m\u00fasica cl\u00e1sica, la \u00f3pera en los mercados populares&#8221;, dice Pedroza a EL UNIVERSAL.<br \/>Los mercados Pro hogar, La Providencia, Santa Luc\u00eda y Morelos ser\u00e1n algunos de los que visitar\u00e1n los cantantes. Algunos marchantes desatienden sus puestos, otros graban con sus celulares o tararean o se toman fotos con los m\u00fasicos. Despu\u00e9s del evento, las personas contin\u00faan con sus compras. Queda la pregunta que unos vendedores plasmaron en un cartel: \u00bfVes como s\u00ed te gusta la \u00f3pera?<\/p>\n","protected":false},"excerpt":{"rendered":"<p>El espect\u00e1culo forma parte del Programa de acci\u00f3n cultural comunitaria y que a partir del pasado viernes y hasta el 25 de agosto llegar\u00e1 a 112 colonias de alta y muy alta marginaci\u00f3n de las 16 delegaciones de la capital del pa\u00eds<\/p>\n","protected":false},"author":93,"featured_media":0,"comment_status":"open","ping_status":"open","sticky":false,"template":"","format":"standard","meta":{"footnotes":""},"categories":[41],"tags":[],"class_list":["post-67451","post","type-post","status-publish","format-standard","hentry","category-arteria-cultural"],"_links":{"self":[{"href":"https:\/\/plazajuarez.mx\/historico\/wp-json\/wp\/v2\/posts\/67451","targetHints":{"allow":["GET"]}}],"collection":[{"href":"https:\/\/plazajuarez.mx\/historico\/wp-json\/wp\/v2\/posts"}],"about":[{"href":"https:\/\/plazajuarez.mx\/historico\/wp-json\/wp\/v2\/types\/post"}],"author":[{"embeddable":true,"href":"https:\/\/plazajuarez.mx\/historico\/wp-json\/wp\/v2\/users\/93"}],"replies":[{"embeddable":true,"href":"https:\/\/plazajuarez.mx\/historico\/wp-json\/wp\/v2\/comments?post=67451"}],"version-history":[{"count":0,"href":"https:\/\/plazajuarez.mx\/historico\/wp-json\/wp\/v2\/posts\/67451\/revisions"}],"wp:attachment":[{"href":"https:\/\/plazajuarez.mx\/historico\/wp-json\/wp\/v2\/media?parent=67451"}],"wp:term":[{"taxonomy":"category","embeddable":true,"href":"https:\/\/plazajuarez.mx\/historico\/wp-json\/wp\/v2\/categories?post=67451"},{"taxonomy":"post_tag","embeddable":true,"href":"https:\/\/plazajuarez.mx\/historico\/wp-json\/wp\/v2\/tags?post=67451"}],"curies":[{"name":"wp","href":"https:\/\/api.w.org\/{rel}","templated":true}]}}