{"id":67450,"date":"2018-07-23T12:41:04","date_gmt":"2018-07-23T12:41:04","guid":{"rendered":"http:\/\/plazajuarez.mx\/index\/index.php\/2018\/07\/23\/inah-alista-su-reglamento-de-ley-organica\/"},"modified":"2018-07-23T12:41:04","modified_gmt":"2018-07-23T12:41:04","slug":"inah-alista-su-reglamento-de-ley-organica","status":"publish","type":"post","link":"https:\/\/plazajuarez.mx\/historico\/inah-alista-su-reglamento-de-ley-organica\/","title":{"rendered":"INAH alista su reglamento de Ley Org\u00e1nica"},"content":{"rendered":"<p>Hoy entregar\u00e1n a la Secretar\u00eda de Cultura federal la Ley Org\u00e1nica del INAH para su revisi\u00f3n<\/p>\n<p>  <!--more-->  <\/p>\n<p>Diego Prieto, actual director del INAH, asegura que recibe &#8220;como un reconocimiento al instituto&#8221; la propuesta de seguir al frente de la dependencia en la siguiente administraci\u00f3n, como lo anunci\u00f3 el pasado lunes la futura secretaria de Cultura, Alejandra Frausto. Sin embargo, asegur\u00f3 que, por ahora, se enfocar\u00e1 en terminar bien esta gesti\u00f3n y proyectos que est\u00e1n en desarrollo, como el reglamento de la Ley Org\u00e1nica del INAH, que entregar\u00e1n este lunes a la Secretar\u00eda de Cultura federal para su revisi\u00f3n.<br \/>&#8220;Es un pendiente que tenemos pr\u00e1cticamente desde que existe el INAH y ten\u00edamos la observaci\u00f3n de que era importante tener el proyecto, espero que salga en la presente administraci\u00f3n; ha sido un ejercicio de revisar el funcionamiento y la estructuraci\u00f3n org\u00e1nica del INAH&#8221;, declar\u00f3 la noche de jueves tras la inauguraci\u00f3n de la exposici\u00f3n Las huellas de Buda en el Museo Nacional de Antropolog\u00eda.<br \/>El funcionario asegur\u00f3 que dicho reglamento &#8220;no cambia nada, s\u00f3lo hace un retrato de c\u00f3mo est\u00e1 funcionando el INAH&#8221;. A\u00f1adi\u00f3 que ser\u00e1 en la siguiente administraci\u00f3n cuando se eval\u00fae una reorganizaci\u00f3n o reestructuraci\u00f3n. <br \/>Prieto dijo que respeta los cuestionamientos sobre su posible permanencia al frente del INAH, pero se\u00f1al\u00f3 que quienes lo hacen deben tener argumentos fundamentados. &#8220;Que le pregunten a quien le toca hacer los nombramientos, que no es a m\u00ed&#8221;, dijo.<\/p>\n","protected":false},"excerpt":{"rendered":"<p>Hoy entregar\u00e1n a la Secretar\u00eda de Cultura federal la Ley Org\u00e1nica del INAH para su revisi\u00f3n<\/p>\n","protected":false},"author":93,"featured_media":0,"comment_status":"open","ping_status":"open","sticky":false,"template":"","format":"standard","meta":{"footnotes":""},"categories":[41],"tags":[],"class_list":["post-67450","post","type-post","status-publish","format-standard","hentry","category-arteria-cultural"],"_links":{"self":[{"href":"https:\/\/plazajuarez.mx\/historico\/wp-json\/wp\/v2\/posts\/67450","targetHints":{"allow":["GET"]}}],"collection":[{"href":"https:\/\/plazajuarez.mx\/historico\/wp-json\/wp\/v2\/posts"}],"about":[{"href":"https:\/\/plazajuarez.mx\/historico\/wp-json\/wp\/v2\/types\/post"}],"author":[{"embeddable":true,"href":"https:\/\/plazajuarez.mx\/historico\/wp-json\/wp\/v2\/users\/93"}],"replies":[{"embeddable":true,"href":"https:\/\/plazajuarez.mx\/historico\/wp-json\/wp\/v2\/comments?post=67450"}],"version-history":[{"count":0,"href":"https:\/\/plazajuarez.mx\/historico\/wp-json\/wp\/v2\/posts\/67450\/revisions"}],"wp:attachment":[{"href":"https:\/\/plazajuarez.mx\/historico\/wp-json\/wp\/v2\/media?parent=67450"}],"wp:term":[{"taxonomy":"category","embeddable":true,"href":"https:\/\/plazajuarez.mx\/historico\/wp-json\/wp\/v2\/categories?post=67450"},{"taxonomy":"post_tag","embeddable":true,"href":"https:\/\/plazajuarez.mx\/historico\/wp-json\/wp\/v2\/tags?post=67450"}],"curies":[{"name":"wp","href":"https:\/\/api.w.org\/{rel}","templated":true}]}}