{"id":67448,"date":"2018-07-23T12:40:03","date_gmt":"2018-07-23T12:40:03","guid":{"rendered":"http:\/\/plazajuarez.mx\/index\/index.php\/2018\/07\/23\/geraldine-bazan-sorprende-con-su-delgadez\/"},"modified":"2018-07-23T12:40:03","modified_gmt":"2018-07-23T12:40:03","slug":"geraldine-bazan-sorprende-con-su-delgadez","status":"publish","type":"post","link":"https:\/\/plazajuarez.mx\/historico\/geraldine-bazan-sorprende-con-su-delgadez\/","title":{"rendered":"Geraldine Baz\u00e1n sorprende con su delgadez"},"content":{"rendered":"<p>Baz\u00e1n port\u00f3 un top negro y un peque\u00f1o short dorado, prendas que dejaban ver su abdomen plano<\/p>\n<p>  <!--more-->  <\/p>\n<p>La actriz Geraldine Baz\u00e1n sorprendi\u00f3 con una fotograf\u00eda que comparti\u00f3 en Instagram.<br \/>Hace un par de d\u00edas Baz\u00e1n public\u00f3 una imagen en la que aparecen varias mujeres junto a su core\u00f3grafo.<br \/>Baz\u00e1n port\u00f3 un top negro y un peque\u00f1o short dorado, prendas que dejaban ver su abdomen plano.<br \/>Mientras algunos comentarios de sus seguidores se\u00f1alaron que la actriz luc\u00eda demasiado delgada, otros destacaron lo bien que luce la actriz.<br \/>Incluso les sorprendi\u00f3 que a pesar de tener dos hijas, su abdomen se vea as\u00ed.<\/p>\n","protected":false},"excerpt":{"rendered":"<p>Baz\u00e1n port\u00f3 un top negro y un peque\u00f1o short dorado, prendas que dejaban ver su abdomen plano<\/p>\n","protected":false},"author":93,"featured_media":0,"comment_status":"open","ping_status":"open","sticky":false,"template":"","format":"standard","meta":{"footnotes":""},"categories":[38],"tags":[],"class_list":["post-67448","post","type-post","status-publish","format-standard","hentry","category-show"],"_links":{"self":[{"href":"https:\/\/plazajuarez.mx\/historico\/wp-json\/wp\/v2\/posts\/67448","targetHints":{"allow":["GET"]}}],"collection":[{"href":"https:\/\/plazajuarez.mx\/historico\/wp-json\/wp\/v2\/posts"}],"about":[{"href":"https:\/\/plazajuarez.mx\/historico\/wp-json\/wp\/v2\/types\/post"}],"author":[{"embeddable":true,"href":"https:\/\/plazajuarez.mx\/historico\/wp-json\/wp\/v2\/users\/93"}],"replies":[{"embeddable":true,"href":"https:\/\/plazajuarez.mx\/historico\/wp-json\/wp\/v2\/comments?post=67448"}],"version-history":[{"count":0,"href":"https:\/\/plazajuarez.mx\/historico\/wp-json\/wp\/v2\/posts\/67448\/revisions"}],"wp:attachment":[{"href":"https:\/\/plazajuarez.mx\/historico\/wp-json\/wp\/v2\/media?parent=67448"}],"wp:term":[{"taxonomy":"category","embeddable":true,"href":"https:\/\/plazajuarez.mx\/historico\/wp-json\/wp\/v2\/categories?post=67448"},{"taxonomy":"post_tag","embeddable":true,"href":"https:\/\/plazajuarez.mx\/historico\/wp-json\/wp\/v2\/tags?post=67448"}],"curies":[{"name":"wp","href":"https:\/\/api.w.org\/{rel}","templated":true}]}}