{"id":67447,"date":"2018-07-23T12:39:26","date_gmt":"2018-07-23T12:39:26","guid":{"rendered":"http:\/\/plazajuarez.mx\/index\/index.php\/2018\/07\/23\/gutemberg-hace-escena-fuerte-en-serie-de-la-guzman\/"},"modified":"2018-07-23T12:39:26","modified_gmt":"2018-07-23T12:39:26","slug":"gutemberg-hace-escena-fuerte-en-serie-de-la-guzman","status":"publish","type":"post","link":"https:\/\/plazajuarez.mx\/historico\/gutemberg-hace-escena-fuerte-en-serie-de-la-guzman\/","title":{"rendered":"Gutemberg hace escena fuerte en serie de &#8220;La Guzm\u00e1n&#8221;"},"content":{"rendered":"<p>Gutemberg ha hecho otras apariciones en bioseries como Jos\u00e9 Jos\u00e9, pero breves porque actualmente se encuentra terminando una Maestr\u00eda en Direcci\u00f3n Esc\u00e9nica en Bellas Artes<\/p>\n<p>  <!--more-->  <\/p>\n<p>El actor brasile\u00f1o radicado en M\u00e9xico Gutemberg Brito fue invitado para hacer una breve aparici\u00f3n en la bioserie de Alejandra Guzm\u00e1n como el padre de uno de los novios de la cantante en su juventud. Durante ese d\u00eda de grabaci\u00f3n pudo convivir un poco con el productor Mauricio Cruz y por supuesto, con Majida Issa, quien interpreta a Alejandra.<br \/>&#8220;Me toc\u00f3 hacer una escena que va a marcar la serie, va a ocurrir algo especial, es una escena fuerte. Mauricio fue muy generoso, muy tranquilo, me cont\u00f3 que lleg\u00f3 hace cinco a\u00f1os a M\u00e9xico y ven\u00eda por unos meses pero aqu\u00ed se qued\u00f3&#8221;, platic\u00f3 el actor.<br \/>El d\u00eda que le toc\u00f3 grabar en una casona de la colonia Roma, esper\u00f3 en el camerino a que lo llamaran y all\u00ed conoci\u00f3 a quien interpretar\u00eda a su hijo, el actor Pierre Louis, que hizo su \u00faltima grabaci\u00f3n ese mismo d\u00eda y de pronto, escuch\u00f3 un grito que jur\u00f3 era el de Alejandra Guzm\u00e1n. Era Majida, por lo que qued\u00f3 a\u00fan m\u00e1s sorprendido de su trabajo de voz.<br \/>&#8220;Hicimos varios ensayos y como es una escena que solamente se puede hacer una vez nadie pod\u00eda fallar, me acuerdo que Majida dijo que estaba un poco nerviosa, pero al final todo sali\u00f3 muy bien&#8221;.<br \/>El actor no quiso especificar qu\u00e9 es lo que ocurre en esta escena, y sobre su personaje, Alfonso, s\u00f3lo dijo que es ficcionado.<br \/>Gutemberg ha hecho otras apariciones en bioseries como Jos\u00e9 Jos\u00e9, pero breves porque actualmente se encuentra terminando una Maestr\u00eda en Direcci\u00f3n Esc\u00e9nica en Bellas Artes, por lo que la mayor parte de su tiempo est\u00e1 dedicado a este proyecto. Sin embargo, se dijo encantado de ser parte de las bioseries, que son las que hoy est\u00e1n dominando el mercado.<br \/>&#8220;El tiempo en los contenidos nos permite hacer cosas de calidad, en este caso Mauricio fue muy cuidadoso, pero no siempre tenemos ese tiempo. La diferencia entre televisi\u00f3n, series y pel\u00edculas es esa, y hablamos de tiempo de calidad. De pronto pecamos un poquito de que todav\u00eda en las series est\u00e1n corriendo para grabar. Uno como actor dice: &#8216;oye danos chance&#8217;. Como yo estoy ahora m\u00e1s metido en la direcci\u00f3n por la maestr\u00eda puedo ver las cosas con otros ojos, pero tengo ocho a\u00f1os dirigiendo con una compa\u00f1\u00eda de teatro&#8221;.<\/p>\n","protected":false},"excerpt":{"rendered":"<p>Gutemberg ha hecho otras apariciones en bioseries como Jos\u00e9 Jos\u00e9, pero breves porque actualmente se encuentra terminando una Maestr\u00eda en Direcci\u00f3n Esc\u00e9nica en Bellas Artes<\/p>\n","protected":false},"author":93,"featured_media":0,"comment_status":"open","ping_status":"open","sticky":false,"template":"","format":"standard","meta":{"footnotes":""},"categories":[38],"tags":[],"class_list":["post-67447","post","type-post","status-publish","format-standard","hentry","category-show"],"_links":{"self":[{"href":"https:\/\/plazajuarez.mx\/historico\/wp-json\/wp\/v2\/posts\/67447","targetHints":{"allow":["GET"]}}],"collection":[{"href":"https:\/\/plazajuarez.mx\/historico\/wp-json\/wp\/v2\/posts"}],"about":[{"href":"https:\/\/plazajuarez.mx\/historico\/wp-json\/wp\/v2\/types\/post"}],"author":[{"embeddable":true,"href":"https:\/\/plazajuarez.mx\/historico\/wp-json\/wp\/v2\/users\/93"}],"replies":[{"embeddable":true,"href":"https:\/\/plazajuarez.mx\/historico\/wp-json\/wp\/v2\/comments?post=67447"}],"version-history":[{"count":0,"href":"https:\/\/plazajuarez.mx\/historico\/wp-json\/wp\/v2\/posts\/67447\/revisions"}],"wp:attachment":[{"href":"https:\/\/plazajuarez.mx\/historico\/wp-json\/wp\/v2\/media?parent=67447"}],"wp:term":[{"taxonomy":"category","embeddable":true,"href":"https:\/\/plazajuarez.mx\/historico\/wp-json\/wp\/v2\/categories?post=67447"},{"taxonomy":"post_tag","embeddable":true,"href":"https:\/\/plazajuarez.mx\/historico\/wp-json\/wp\/v2\/tags?post=67447"}],"curies":[{"name":"wp","href":"https:\/\/api.w.org\/{rel}","templated":true}]}}