{"id":67446,"date":"2018-07-23T12:39:35","date_gmt":"2018-07-23T12:39:35","guid":{"rendered":"http:\/\/plazajuarez.mx\/index\/index.php\/2018\/07\/23\/force-fest-amplia-su-convivencia\/"},"modified":"2018-07-23T12:39:35","modified_gmt":"2018-07-23T12:39:35","slug":"force-fest-amplia-su-convivencia","status":"publish","type":"post","link":"https:\/\/plazajuarez.mx\/historico\/force-fest-amplia-su-convivencia\/","title":{"rendered":"Force Fest ampl\u00eda su convivencia"},"content":{"rendered":"<p>El evento se llevar\u00e1 a cabo en Teotihuac\u00e1n, Estado de M\u00e9xico los d\u00edas s\u00e1bado 6 y domingo 7 de octubre, a partir del mediod\u00eda<\/p>\n<p>  <!--more-->  <\/p>\n<p>En Europa y Estados Unidos es muy com\u00fan que los festivales de rock y de metal permitan que los fan\u00e1ticos acampen. La experiencia incluye la convivencia con otros fans mientras la m\u00fasica suena de fondo.<br \/>Empe\u00f1ados en hacer que los amantes del metal tengan esta vivencia internacional, el festival Force Metal Fest, tendr\u00e1 su versi\u00f3n al aire libre.<br \/>Javier Casta\u00f1eda, director de Live Talent, empresa que produce el festival, reconoce que la din\u00e1mica estuvo presente en sus eventos, sobre todo en Guadalajara, sin embargo, tuvieron que dejar de hacerla con el Hell and Heaven Fest.<br \/>&#8220;Es una forma \u00fanica de vivir la m\u00fasica que tanto amamos, as\u00ed que queremos que los mexicanos tambi\u00e9n puedan experimentar acampar estar entre amigos y familia&#8221;, dijo.<br \/>El evento se llevar\u00e1 a cabo en Teotihuac\u00e1n, Estado de M\u00e9xico los d\u00edas s\u00e1bado 6 y domingo 7 de octubre, a partir del mediod\u00eda.<br \/>Y aunque la experiencia busca replicar lo que se vive en otras partes del mundo, el precio no es nada barato, algunos de los paquetes tienen precios mayores a los 2 mil pesos.<br \/>Casta\u00f1eda explica que las variaciones del d\u00f3lar afectaron a sus eventos.<br \/>&#8220;Ahorita que ya baj\u00f3 el precio del d\u00f3lar estamos muy optimistas. Sin embargo, todos los cambios, efectivamente, nos afectaron y pues se ve reflejado en el aumento del precio del boleto&#8221;, explic\u00f3. <br \/>Sin embargo, han buscado las formas de mitigar los incrementos. Adem\u00e1s, est\u00e1n a la expectativa de lo que el nuevo gobierno traer\u00e1.<br \/>&#8220;Como todos los mexicanos estamos en espera de lo que pasar\u00e1&#8221;, coment\u00f3.<\/p>\n","protected":false},"excerpt":{"rendered":"<p>El evento se llevar\u00e1 a cabo en Teotihuac\u00e1n, Estado de M\u00e9xico los d\u00edas s\u00e1bado 6 y domingo 7 de octubre, a partir del mediod\u00eda<\/p>\n","protected":false},"author":93,"featured_media":0,"comment_status":"open","ping_status":"open","sticky":false,"template":"","format":"standard","meta":{"footnotes":""},"categories":[38],"tags":[],"class_list":["post-67446","post","type-post","status-publish","format-standard","hentry","category-show"],"_links":{"self":[{"href":"https:\/\/plazajuarez.mx\/historico\/wp-json\/wp\/v2\/posts\/67446","targetHints":{"allow":["GET"]}}],"collection":[{"href":"https:\/\/plazajuarez.mx\/historico\/wp-json\/wp\/v2\/posts"}],"about":[{"href":"https:\/\/plazajuarez.mx\/historico\/wp-json\/wp\/v2\/types\/post"}],"author":[{"embeddable":true,"href":"https:\/\/plazajuarez.mx\/historico\/wp-json\/wp\/v2\/users\/93"}],"replies":[{"embeddable":true,"href":"https:\/\/plazajuarez.mx\/historico\/wp-json\/wp\/v2\/comments?post=67446"}],"version-history":[{"count":0,"href":"https:\/\/plazajuarez.mx\/historico\/wp-json\/wp\/v2\/posts\/67446\/revisions"}],"wp:attachment":[{"href":"https:\/\/plazajuarez.mx\/historico\/wp-json\/wp\/v2\/media?parent=67446"}],"wp:term":[{"taxonomy":"category","embeddable":true,"href":"https:\/\/plazajuarez.mx\/historico\/wp-json\/wp\/v2\/categories?post=67446"},{"taxonomy":"post_tag","embeddable":true,"href":"https:\/\/plazajuarez.mx\/historico\/wp-json\/wp\/v2\/tags?post=67446"}],"curies":[{"name":"wp","href":"https:\/\/api.w.org\/{rel}","templated":true}]}}