{"id":67445,"date":"2018-07-23T12:39:16","date_gmt":"2018-07-23T12:39:16","guid":{"rendered":"http:\/\/plazajuarez.mx\/index\/index.php\/2018\/07\/23\/platanito-se-integra-a-las-filas-de-azteca\/"},"modified":"2018-07-23T12:39:16","modified_gmt":"2018-07-23T12:39:16","slug":"platanito-se-integra-a-las-filas-de-azteca","status":"publish","type":"post","link":"https:\/\/plazajuarez.mx\/historico\/platanito-se-integra-a-las-filas-de-azteca\/","title":{"rendered":"&#8220;Platanito&#8221; se integra a las filas de Azteca"},"content":{"rendered":"<p>El payaso &#8220;Platanito&#8221; es una de las nuevas adquisiciones de Televisi\u00f3n Azteca.<\/p>\n<p>  <!--more-->  <\/p>\n<p>Este fin de semana, Alberto Ciurana -director de contenidos de la televisora- dio a conocer la noticia.<br \/>&#8220;Mi querido amigo #Platanito bienvenido a tu casa @azteca&#8221;, escribi\u00f3 Ciurana en Instagram para acompa\u00f1ar una fotograf\u00eda junto al payaso.<br \/>&#8220;Platanito&#8221; public\u00f3 la misma fotograf\u00eda, pero no dio a conocer m\u00e1s detalles de lo que realizar\u00e1 en Tv Azteca.<\/p>\n","protected":false},"excerpt":{"rendered":"<p>El payaso &#8220;Platanito&#8221; es una de las nuevas adquisiciones de Televisi\u00f3n Azteca.<\/p>\n","protected":false},"author":93,"featured_media":0,"comment_status":"open","ping_status":"open","sticky":false,"template":"","format":"standard","meta":{"footnotes":""},"categories":[38],"tags":[],"class_list":["post-67445","post","type-post","status-publish","format-standard","hentry","category-show"],"_links":{"self":[{"href":"https:\/\/plazajuarez.mx\/historico\/wp-json\/wp\/v2\/posts\/67445","targetHints":{"allow":["GET"]}}],"collection":[{"href":"https:\/\/plazajuarez.mx\/historico\/wp-json\/wp\/v2\/posts"}],"about":[{"href":"https:\/\/plazajuarez.mx\/historico\/wp-json\/wp\/v2\/types\/post"}],"author":[{"embeddable":true,"href":"https:\/\/plazajuarez.mx\/historico\/wp-json\/wp\/v2\/users\/93"}],"replies":[{"embeddable":true,"href":"https:\/\/plazajuarez.mx\/historico\/wp-json\/wp\/v2\/comments?post=67445"}],"version-history":[{"count":0,"href":"https:\/\/plazajuarez.mx\/historico\/wp-json\/wp\/v2\/posts\/67445\/revisions"}],"wp:attachment":[{"href":"https:\/\/plazajuarez.mx\/historico\/wp-json\/wp\/v2\/media?parent=67445"}],"wp:term":[{"taxonomy":"category","embeddable":true,"href":"https:\/\/plazajuarez.mx\/historico\/wp-json\/wp\/v2\/categories?post=67445"},{"taxonomy":"post_tag","embeddable":true,"href":"https:\/\/plazajuarez.mx\/historico\/wp-json\/wp\/v2\/tags?post=67445"}],"curies":[{"name":"wp","href":"https:\/\/api.w.org\/{rel}","templated":true}]}}