{"id":67442,"date":"2018-07-23T12:37:56","date_gmt":"2018-07-23T12:37:56","guid":{"rendered":"http:\/\/plazajuarez.mx\/index\/index.php\/2018\/07\/23\/lo-vinculan-a-proceso-por-una-violacion\/"},"modified":"2018-07-23T12:37:56","modified_gmt":"2018-07-23T12:37:56","slug":"lo-vinculan-a-proceso-por-una-violacion","status":"publish","type":"post","link":"https:\/\/plazajuarez.mx\/historico\/lo-vinculan-a-proceso-por-una-violacion\/","title":{"rendered":"LO VINCULAN A PROCESO POR UNA VIOLACI\u00d3N"},"content":{"rendered":"<p>EN AGRAVIO DE UNA MENOR DE EDAD<\/p>\n<p>  <!--more-->  <\/p>\n<p>La Procuradur\u00eda General de Justicia del Estado de Hidalgo (PGJEH), obtuvo vinculaci\u00f3n a proceso de un hombre, por su presunta responsabilidad en el delito de violaci\u00f3n equiparada.<br \/>Los hechos, ocurrieron en una comunidad de Ixmiquilpan, donde la v\u00edctima de 12 a\u00f1os de edad, en compa\u00f1\u00eda de su madre y su hermana, acudi\u00f3 al domicilio del ahora imputado, identificado como M.B.J. de 39 a\u00f1os de edad.<br \/>Despu\u00e9s de haber transcurrido un convivio, la v\u00edctima y sus familiares decidieron pasar la noche en la casa del ahora vinculado. Sin embargo, al amanecer, la menor de edad se percat\u00f3 que se encontraba semidesnuda y percibi\u00f3 dolor en sus partes \u00edntimas, adem\u00e1s de estar en una habitaci\u00f3n distinta a la que ocup\u00f3 para dormir en compa\u00f1\u00eda de su madre.<br \/>La familia de la v\u00edctima decidi\u00f3 acudir a la agencia del Ministerio P\u00fablico de la PGJEH, para iniciar la carpeta de investigaci\u00f3n correspondiente por los hechos ocurridos.<br \/>Con la denuncia presentada, el agente del Ministerio P\u00fablico adscrito a la Subprocuradur\u00eda de Derechos Humanos y Servicios a la Comunidad, se alleg\u00f3 de indicios y una vez que cont\u00f3 con los elementos suficientes, solicit\u00f3 la orden de aprehensi\u00f3n en contra de M.B.J., misma que fue librada y posteriormente cumplimentada por agentes de la Polic\u00eda Investigadora.<br \/>En audiencia inicial y ante el juez de control, esta representaci\u00f3n social formul\u00f3 la imputaci\u00f3n en contra de presunto responsable, a quien la autoridad judicial vincul\u00f3 a proceso tras considerar que los elementos presentados por el Ministerio P\u00fablico acreditaban la posible relaci\u00f3n del imputado, en el delito de violaci\u00f3n equiparada.<br \/>El Juez impuso a M.B.J., la medida cautelar de prisi\u00f3n preventiva oficiosa por dos a\u00f1os y fij\u00f3 un plazo de investigaci\u00f3n complementaria de dos meses.<br \/>La v\u00edctima y su familia recibieron atenci\u00f3n especializada de un equipo multidisciplinario de la Subprocuradur\u00eda de Derechos Humanos y Servicios a la Comunidad de la PGJH.<\/p>\n","protected":false},"excerpt":{"rendered":"<p>EN AGRAVIO DE UNA MENOR DE EDAD<\/p>\n","protected":false},"author":93,"featured_media":0,"comment_status":"open","ping_status":"open","sticky":false,"template":"","format":"standard","meta":{"footnotes":""},"categories":[37],"tags":[],"class_list":["post-67442","post","type-post","status-publish","format-standard","hentry","category-barandilla"],"_links":{"self":[{"href":"https:\/\/plazajuarez.mx\/historico\/wp-json\/wp\/v2\/posts\/67442","targetHints":{"allow":["GET"]}}],"collection":[{"href":"https:\/\/plazajuarez.mx\/historico\/wp-json\/wp\/v2\/posts"}],"about":[{"href":"https:\/\/plazajuarez.mx\/historico\/wp-json\/wp\/v2\/types\/post"}],"author":[{"embeddable":true,"href":"https:\/\/plazajuarez.mx\/historico\/wp-json\/wp\/v2\/users\/93"}],"replies":[{"embeddable":true,"href":"https:\/\/plazajuarez.mx\/historico\/wp-json\/wp\/v2\/comments?post=67442"}],"version-history":[{"count":0,"href":"https:\/\/plazajuarez.mx\/historico\/wp-json\/wp\/v2\/posts\/67442\/revisions"}],"wp:attachment":[{"href":"https:\/\/plazajuarez.mx\/historico\/wp-json\/wp\/v2\/media?parent=67442"}],"wp:term":[{"taxonomy":"category","embeddable":true,"href":"https:\/\/plazajuarez.mx\/historico\/wp-json\/wp\/v2\/categories?post=67442"},{"taxonomy":"post_tag","embeddable":true,"href":"https:\/\/plazajuarez.mx\/historico\/wp-json\/wp\/v2\/tags?post=67442"}],"curies":[{"name":"wp","href":"https:\/\/api.w.org\/{rel}","templated":true}]}}