{"id":67042,"date":"2018-07-16T06:24:33","date_gmt":"2018-07-16T06:24:33","guid":{"rendered":"http:\/\/plazajuarez.mx\/index\/index.php\/2018\/07\/16\/hacia-la-cuarta-republica\/"},"modified":"2018-07-16T06:24:33","modified_gmt":"2018-07-16T06:24:33","slug":"hacia-la-cuarta-republica","status":"publish","type":"post","link":"https:\/\/plazajuarez.mx\/historico\/hacia-la-cuarta-republica\/","title":{"rendered":"\u00bfHacia la cuarta Rep\u00fablica?"},"content":{"rendered":"<p>\u00a0\u00a0\u00a0 \u2022\u00a0\u00a0 \u00a0En estos temas en lo particular, no hay nada nuevo ni nada que vaya a cambiar de manera sustancial el futuro de pa\u00eds, como es el caso del proyecto de ley de ingresos y egresos para el siguiente a\u00f1o, a\u00fan y cuando el presupuesto pudiera tener un enfoque m\u00e1s social\u2028<\/p>\n<p>  <!--more-->  <\/p>\n<p>A menos de quince d\u00edas de haber ganado la elecci\u00f3n presidencial y faltando a\u00fan casi cinco meses para su toma de posesi\u00f3n, AMLO present\u00f3 ante la opini\u00f3n p\u00fablica y ante una emergente clase pol\u00edtica de la que es su l\u00edder absoluto, la agenda legislativa con la que habr\u00e1 de iniciar su gobierno. La agenda de temas y proyectos institucionales que seguramente \u00e9l y su equipo consideran prioritarios, para iniciar la transformaci\u00f3n del pa\u00eds de la que tanto nos habl\u00f3 durante su campa\u00f1a.<br \/>En lo personal, creo que algunos son temas relevantes y otros son rubros que atienden la rutina anual del ejercicio de gobierno. En estos temas en lo particular, no hay nada nuevo ni nada que vaya a cambiar de manera sustancial el futuro de pa\u00eds, como es el caso del proyecto de ley de ingresos y egresos para el siguiente a\u00f1o, a\u00fan y cuando el presupuesto pudiera tener un enfoque m\u00e1s social, o que bien, establezca nuevas bases para entender la administraci\u00f3n y ejercicio del dinero p\u00fablico, bajo el principio de austeridad republicana.<br \/>Es muy loable que por fin se pueda poner un freno al abuso y frivolidades con las que se acostumbraba aprobar y ejercer en algunos rubros el dinero p\u00fablico, pero igual, no va a cambiar en mucho los problemas que nos aquejan de corrupci\u00f3n, porque se requiere preponderantemente de un sistema institucional y procedimental que ejerza mayores controles de supervisi\u00f3n, fiscalizaci\u00f3n y sanci\u00f3n, en donde los fiscales tengan plena autonom\u00eda para llevar a cabo sus investigaciones.<br \/>La creaci\u00f3n de la secretaria de seguridad p\u00fablica o bien la derogaci\u00f3n parcial de la reforma educativa y del decreto que privatiz\u00f3 el agua, son temas igualmente importantes para enfrentar de manera inmediata sentidas demandas sociales, pero no forman parte de un bloque de reformas con las que podamos identificar la cuarta transformaci\u00f3n del pa\u00eds, al menos no en la dimensi\u00f3n de lo que fue y signific\u00f3 la independencia, la reforma y la revoluci\u00f3n.<br \/>No obstante que es una agenda legislativa amplia, es realista y creo que sin mayores complicaciones se van aprobar en el corto plazo los diferentes rubros sugeridos. De doce propuestas, algunas tendr\u00e1n el rango de reforma constitucional y otras legal. Las constitucionales requieren de una amplia mayor\u00eda que no tiene la coalici\u00f3n, juntos haremos historia, pero seguramente los nuevos partidos bisagra, estar\u00e1n deseosos de apoyar, por los beneficios electorales que esto pueda representar hacia el futuro. Por el claro mensaje de las urnas, \u00bfqu\u00e9 partido se va a oponer a que se eliminen fueros y privilegios, se reduzcan salarios de los altos funcionarios del gobierno y de otros poderes p\u00fablicos, se reconozca el derecho a la educaci\u00f3n gratuita en todos los niveles de escolaridad? Ninguno, aunque no hayan hecho las cuentas previas de cu\u00e1nto va a costar y como se va a financiar la universalizaci\u00f3n de un nuevo derecho.<br \/>Da la impresi\u00f3n que este primer paquete de reformas, busca cumplir en lo inmediato, con algunas promesas de campa\u00f1a. Sin embargo, creo que AMLO va a esperar otro momento, para impulsar la verdadera agenda de reformas que pueda cambiar de manera sustantiva el estado actual de las cosas, y esto pasa necesariamente por tres rubros que deben de ser trabajados de manera simult\u00e1nea: Fijar las nuevas reglas para establecer un nuevo sistema de partidos, un nuevo sistema electoral y la adopci\u00f3n de un nuevo modelo institucional para el ejercicio y control del poder. Ese fue el resultado en 1810, 1857 y 1917.<br \/>Si AMLO logra impulsar esta agenda, sin caer en la tentaci\u00f3n de beneficiar a su propio movimiento pol\u00edtico, para que se convierta en la nueva fuerza hegem\u00f3nica, sin duda tendr\u00e1 un lugar reservado en la historia y probablemente sea reconocido como el precursor de la cuarta rep\u00fablica, la que puede concluir con un largo camino para encontrar a la democracia como forma de gobierno y posiblemente, como forma de vida.<br \/>Twitter: @Jorge_IslasLo<\/p>\n","protected":false},"excerpt":{"rendered":"<p>\u00a0\u00a0\u00a0 \u2022\u00a0\u00a0 \u00a0En estos temas en lo particular, no hay nada nuevo ni nada que vaya a cambiar de manera sustancial el futuro de pa\u00eds, como es el caso del proyecto de ley de ingresos y egresos para el siguiente a\u00f1o, a\u00fan y cuando el presupuesto pudiera tener un enfoque m\u00e1s social\u2028<\/p>\n","protected":false},"author":93,"featured_media":0,"comment_status":"open","ping_status":"open","sticky":false,"template":"","format":"standard","meta":{"footnotes":""},"categories":[42],"tags":[],"class_list":["post-67042","post","type-post","status-publish","format-standard","hentry","category-nuestrapalabra"],"_links":{"self":[{"href":"https:\/\/plazajuarez.mx\/historico\/wp-json\/wp\/v2\/posts\/67042","targetHints":{"allow":["GET"]}}],"collection":[{"href":"https:\/\/plazajuarez.mx\/historico\/wp-json\/wp\/v2\/posts"}],"about":[{"href":"https:\/\/plazajuarez.mx\/historico\/wp-json\/wp\/v2\/types\/post"}],"author":[{"embeddable":true,"href":"https:\/\/plazajuarez.mx\/historico\/wp-json\/wp\/v2\/users\/93"}],"replies":[{"embeddable":true,"href":"https:\/\/plazajuarez.mx\/historico\/wp-json\/wp\/v2\/comments?post=67042"}],"version-history":[{"count":0,"href":"https:\/\/plazajuarez.mx\/historico\/wp-json\/wp\/v2\/posts\/67042\/revisions"}],"wp:attachment":[{"href":"https:\/\/plazajuarez.mx\/historico\/wp-json\/wp\/v2\/media?parent=67042"}],"wp:term":[{"taxonomy":"category","embeddable":true,"href":"https:\/\/plazajuarez.mx\/historico\/wp-json\/wp\/v2\/categories?post=67042"},{"taxonomy":"post_tag","embeddable":true,"href":"https:\/\/plazajuarez.mx\/historico\/wp-json\/wp\/v2\/tags?post=67042"}],"curies":[{"name":"wp","href":"https:\/\/api.w.org\/{rel}","templated":true}]}}