{"id":67041,"date":"2018-07-16T06:23:13","date_gmt":"2018-07-16T06:23:13","guid":{"rendered":"http:\/\/plazajuarez.mx\/index\/index.php\/2018\/07\/16\/pan-busca-unidad-la-encontrara\/"},"modified":"2018-07-16T06:23:13","modified_gmt":"2018-07-16T06:23:13","slug":"pan-busca-unidad-la-encontrara","status":"publish","type":"post","link":"https:\/\/plazajuarez.mx\/historico\/pan-busca-unidad-la-encontrara\/","title":{"rendered":"PAN busca unidad \u00bfla encontrar\u00e1?"},"content":{"rendered":"<p>Bajo Reserva Expr\u00e9s<\/p>\n<p>  <!--more-->  <\/p>\n<p>Nos dicen que la actual dirigencia del PAN ha mandado varios mensajes a los acelerados que quieren que se realice una renovaci\u00f3n de la presidencia del partido a la brevedad, de que el proceso de selecci\u00f3n de un nuevo Comit\u00e9 Ejecutivo Nacional no se dar\u00e1 de manera anticipada.<br \/>Aseguran que no vayan a creer que se quieren quedar en la dirigencia, luego de los pobres resultados electorales, sino que buscan dar tiempo suficiente para que se logre una candidatura de unidad con la que todos los grupos se sientan representados.<br \/>La misi\u00f3n, nos comentan otros panistas, se ve casi imposible pues hoy en d\u00eda las posturas est\u00e1n totalmente encontradas.<br \/>Aseguran que la urgencia de que salgan de la dirigencia Ricardo Anaya y su grupo ha generado ya algunas alianzas como la que aseguran se est\u00e1 armando entre los simpatizantes del ex gobernador de Puebla, Rafael Moreno Valle, y los del ex presidente Felipe Calder\u00f3n.<br \/>Por el momento, nos dicen, la de Morenovallistas y Calderonistas es la \u00fanica se\u00f1al visible de unidad.<\/p>\n","protected":false},"excerpt":{"rendered":"<p>Bajo Reserva Expr\u00e9s<\/p>\n","protected":false},"author":93,"featured_media":0,"comment_status":"open","ping_status":"open","sticky":false,"template":"","format":"standard","meta":{"footnotes":""},"categories":[42],"tags":[],"class_list":["post-67041","post","type-post","status-publish","format-standard","hentry","category-nuestrapalabra"],"_links":{"self":[{"href":"https:\/\/plazajuarez.mx\/historico\/wp-json\/wp\/v2\/posts\/67041","targetHints":{"allow":["GET"]}}],"collection":[{"href":"https:\/\/plazajuarez.mx\/historico\/wp-json\/wp\/v2\/posts"}],"about":[{"href":"https:\/\/plazajuarez.mx\/historico\/wp-json\/wp\/v2\/types\/post"}],"author":[{"embeddable":true,"href":"https:\/\/plazajuarez.mx\/historico\/wp-json\/wp\/v2\/users\/93"}],"replies":[{"embeddable":true,"href":"https:\/\/plazajuarez.mx\/historico\/wp-json\/wp\/v2\/comments?post=67041"}],"version-history":[{"count":0,"href":"https:\/\/plazajuarez.mx\/historico\/wp-json\/wp\/v2\/posts\/67041\/revisions"}],"wp:attachment":[{"href":"https:\/\/plazajuarez.mx\/historico\/wp-json\/wp\/v2\/media?parent=67041"}],"wp:term":[{"taxonomy":"category","embeddable":true,"href":"https:\/\/plazajuarez.mx\/historico\/wp-json\/wp\/v2\/categories?post=67041"},{"taxonomy":"post_tag","embeddable":true,"href":"https:\/\/plazajuarez.mx\/historico\/wp-json\/wp\/v2\/tags?post=67041"}],"curies":[{"name":"wp","href":"https:\/\/api.w.org\/{rel}","templated":true}]}}