{"id":66628,"date":"2018-07-09T05:27:50","date_gmt":"2018-07-09T05:27:50","guid":{"rendered":"http:\/\/plazajuarez.mx\/index\/index.php\/2018\/07\/09\/mexico-la-esperanza-abierta-con-el-triunfo-de-amlo\/"},"modified":"2018-07-09T05:27:50","modified_gmt":"2018-07-09T05:27:50","slug":"mexico-la-esperanza-abierta-con-el-triunfo-de-amlo","status":"publish","type":"post","link":"https:\/\/plazajuarez.mx\/historico\/mexico-la-esperanza-abierta-con-el-triunfo-de-amlo\/","title":{"rendered":"M\u00e9xico, la esperanza abierta con el triunfo de AMLO"},"content":{"rendered":"<p>\u00a0\u00a0\u00a0 \u2022\u00a0\u00a0 \u00a0El voto fue abrumador por el cambio, se abri\u00f3 una alternancia nueva, distinta a la de 2000, no s\u00f3lo por ser de centro izquierda, sino por la confianza ciudadana en que el cambio tiene mayor solidez para atender los grandes problemas nacionales y definir otros rumbos\u2028<\/p>\n<p>  <!--more-->  <\/p>\n<p>\u00a0<br \/>Una semana ha transcurrido desde la jornada electoral del pasado domingo y M\u00e9xico parece transformarse en un pa\u00eds con esperanza y decidido a avanzar hacia el futuro. Muchas son las expectativas abiertas por el triunfo y las propuestas de Andr\u00e9s Manuel L\u00f3pez Obrador, virtual presidente electo. La arrolladora victoria de Morena en el gobierno de la Ciudad de M\u00e9xico, gobiernos estatales, Congreso federal, Congresos locales, municipios y alcald\u00edas de importantes ciudades, define un cambio como nunca se hab\u00eda visto en M\u00e9xico en una sola jornada electoral. El voto ciudadano respondi\u00f3 al amplio y generalizado malestar social por la falta de crecimiento de la econom\u00eda, la creciente desigualdad, la falta de oportunidades, la pobreza y la falta de empleo, los bajos salarios de la mayor\u00eda, la corrupci\u00f3n y la inseguridad.<br \/>El voto fue abrumador por el cambio, se abri\u00f3 una alternancia nueva, distinta a la de 2000, no s\u00f3lo por ser de centro izquierda, sino por la confianza ciudadana en que el cambio tiene mayor solidez para atender los grandes problemas nacionales y definir otros rumbos. El virtual presidente electo ha refrendado cuestiones pol\u00edticas de importancia que fortalecen la confianza ciudadana. Su pol\u00edtica incluyente es bien vista.<br \/>Los primeros dos discursos de L\u00f3pez Obrador fueron los de un estadista consiente, decidido a gobernar para todos. Dio seguridad a la estabilidad econ\u00f3mica, a la independencia del Banco de M\u00e9xico y a su relaci\u00f3n con los empresarios. Ni la Bolsa de Valores ni los mercados reaccionaron negativamente. Mostr\u00f3 que la larga transici\u00f3n ser\u00e1 ordenada y civilizada. Present\u00f3 a una parte importante de lo que ser\u00e1 su gabinete, se refiri\u00f3 a la relaci\u00f3n con EU y a la negociaci\u00f3n del TLC. Y claro, puso en el centro los temas sociales.<br \/>En resumen, los cambios est\u00e1n planteados sin descarrilamientos. AMLO mostr\u00f3 que est\u00e1 poniendo particular atenci\u00f3n al tema de la seguridad, en torno al cual anunci\u00f3 que separar\u00e1 seguridad de Gobernaci\u00f3n y que revivir\u00e1 la Secretar\u00eda de Seguridad P\u00fablica. En torno al tema habr\u00e1 foros y discusi\u00f3n nacional e internacional para definir un programa de gobierno capaz de acabar con la violencia y pacificar al pa\u00eds.<br \/>AMLO Se refiri\u00f3 tambi\u00e9n a la construcci\u00f3n de dos refiner\u00edas y a la modernizaci\u00f3n de las existentes, atendiendo as\u00ed un problema mayor de la dependencia de la adquisici\u00f3n de gasolinas en EU. Tema inquietante por el aumento de precio de las gasolinas. El virtual presidente electo tiene la vista puesta en los grandes temas.<br \/>Un asunto de importancia vital es c\u00f3mo recuperar\u00e1 M\u00e9xico el crecimiento econ\u00f3mico que en el \u00faltimo a\u00f1o del gobierno del presidente Zedillo fue de 7%. Los a\u00f1os de la primera alternancia fueron de bonanza por los altos precios del petr\u00f3leo, pero en vez de fortalecer la inversi\u00f3n, el gobierno increment\u00f3 el gasto. El crecimiento de la econom\u00eda y la disminuci\u00f3n de la desigualdad son temas cruciales que deber\u00e1n ser abordados por el pr\u00f3ximo gobierno de M\u00e9xico. Hay que reconocer que el tema de la disminuci\u00f3n del crecimiento econ\u00f3mico es uno generalizado en Am\u00e9rica Latina y en no pocos pa\u00edses del mundo, en otros hay estancamiento. La desigualdad es tambi\u00e9n un problema universal, yo dir\u00eda casi global, vinculado con el modelo de desarrollo.<br \/>La globalizaci\u00f3n est\u00e1 enfrentando graves crisis, aceleradas por la pol\u00edtica econ\u00f3mica y los aranceles que impone el presidente Trump, as\u00ed como por las obligadas respuestas arancelarias de distintos pa\u00edses que agravan la situaci\u00f3n econ\u00f3mica mundial y que pueden desembocar en guerras comerciales. Un reto enorme que muy posiblemente tenga que enfrentar el gobierno de L\u00f3pez Obrador es el del TLC con la renegociaci\u00f3n o su posible extinci\u00f3n, que podr\u00eda tener serias repercusiones negativas para la econom\u00eda nacional. \u00bfQu\u00e9 pol\u00edtica frente a todo ello?<\/p>\n","protected":false},"excerpt":{"rendered":"<p>\u00a0\u00a0\u00a0 \u2022\u00a0\u00a0 \u00a0El voto fue abrumador por el cambio, se abri\u00f3 una alternancia nueva, distinta a la de 2000, no s\u00f3lo por ser de centro izquierda, sino por la confianza ciudadana en que el cambio tiene mayor solidez para atender los grandes problemas nacionales y definir otros rumbos\u2028<\/p>\n","protected":false},"author":93,"featured_media":0,"comment_status":"open","ping_status":"open","sticky":false,"template":"","format":"standard","meta":{"footnotes":""},"categories":[42],"tags":[],"class_list":["post-66628","post","type-post","status-publish","format-standard","hentry","category-nuestrapalabra"],"_links":{"self":[{"href":"https:\/\/plazajuarez.mx\/historico\/wp-json\/wp\/v2\/posts\/66628","targetHints":{"allow":["GET"]}}],"collection":[{"href":"https:\/\/plazajuarez.mx\/historico\/wp-json\/wp\/v2\/posts"}],"about":[{"href":"https:\/\/plazajuarez.mx\/historico\/wp-json\/wp\/v2\/types\/post"}],"author":[{"embeddable":true,"href":"https:\/\/plazajuarez.mx\/historico\/wp-json\/wp\/v2\/users\/93"}],"replies":[{"embeddable":true,"href":"https:\/\/plazajuarez.mx\/historico\/wp-json\/wp\/v2\/comments?post=66628"}],"version-history":[{"count":0,"href":"https:\/\/plazajuarez.mx\/historico\/wp-json\/wp\/v2\/posts\/66628\/revisions"}],"wp:attachment":[{"href":"https:\/\/plazajuarez.mx\/historico\/wp-json\/wp\/v2\/media?parent=66628"}],"wp:term":[{"taxonomy":"category","embeddable":true,"href":"https:\/\/plazajuarez.mx\/historico\/wp-json\/wp\/v2\/categories?post=66628"},{"taxonomy":"post_tag","embeddable":true,"href":"https:\/\/plazajuarez.mx\/historico\/wp-json\/wp\/v2\/tags?post=66628"}],"curies":[{"name":"wp","href":"https:\/\/api.w.org\/{rel}","templated":true}]}}