{"id":65021,"date":"2018-06-11T19:23:35","date_gmt":"2018-06-11T19:23:35","guid":{"rendered":"http:\/\/plazajuarez.mx\/index\/index.php\/2018\/06\/11\/fobias-miedos-irracionales-que-afectan-la-vida-de-quien-lo-padece-imss\/"},"modified":"2018-06-11T19:23:35","modified_gmt":"2018-06-11T19:23:35","slug":"fobias-miedos-irracionales-que-afectan-la-vida-de-quien-lo-padece-imss","status":"publish","type":"post","link":"https:\/\/plazajuarez.mx\/historico\/fobias-miedos-irracionales-que-afectan-la-vida-de-quien-lo-padece-imss\/","title":{"rendered":"Fobias, miedos irracionales que afectan la vida de quien lo padece: IMSS"},"content":{"rendered":"<p style=\"text-align: justify;\">Las fobias se generalizan por un doble mecanismo, primero el afectado comienza a temer algo porque lo asocia a alguna experiencia negativa, despu\u00e9s trata de evitar eso que le genera ansiedad, lo cual le lleva a tenerle cada vez m\u00e1s miedo y a evitar su confrontaci\u00f3n.<\/p>\n<p>  <!--more-->  <\/p>\n<p style=\"text-align: justify;\">\u201cLa fobia es un trastorno de ansiedad, causando miedos irracionales y muy intensos hacia situaciones, cosas o lugares que por s\u00ed mismos no hacen da\u00f1o, pero se convierten en un verdadero problema cuando llegan a limitar la vida diaria de la persona quien la padece\u201d, se\u00f1al\u00f3 el Instituto Mexicano del Seguro Social (IMSS) Hidalgo.<\/p>\n<p style=\"text-align: justify;\">Estos afectan de forma emocional, psicol\u00f3gica y algunas veces f\u00edsicamente la vida de las personas, y com\u00fanmente se generan al relacionar algo con una experiencia negativa en sus vidas.<\/p>\n<p style=\"text-align: justify;\">Com\u00fanmente este tipo de experiencia surge durante la infancia o adolescencia y durante la edad adulta el miedo va aumentando, dificultando que la persona pueda ver o estar cerca del objeto que origina su miedo, sin alterarse, el individuo que lo padece puede reconocer que este miedo es excesivo pero no puede controlarlo.\u00a0<\/p>\n<p style=\"text-align: justify;\">As\u00ed mismo, cuando se intenta evitar el objeto de miedo, empieza a generar ansiedad; existen varios tipos de fobias, por ejemplo: Miedo a volar, a sonidos fuertes como los de los petardos, a la altura, animales, ascensores u otros espacios cerrados, a la oscuridad, administraci\u00f3n de inyecciones, ver sangre o heridas, ingerir determinadas comidas o medicamentos, ir al dentista, etc.\u00a0<\/p>\n<p style=\"text-align: justify;\">Las fobias se generalizan por un doble mecanismo, primero el afectado comienza a temer algo porque lo asocia a alguna experiencia negativa, despu\u00e9s trata de evitar eso que le genera ansiedad, lo cual le lleva a tenerle cada vez m\u00e1s miedo y a evitar su confrontaci\u00f3n.<\/p>\n<p style=\"text-align: justify;\">Rehuir del objeto que genera temor causa que aumente la ansiedad ante cada encuentro, resultando en que la persona es consciente de la irracionalidad de su temor, pero al que le resulta muy dif\u00edcil luchar contra el, causando que el individuo se paralice debido a una crisis de p\u00e1nico.<\/p>\n<p style=\"text-align: justify;\">Al estar frente o cerca del causante del miedo, una persona puede manifestar diferentes s\u00edntomas, como lo son: taquicardia, dificultad en la respiraci\u00f3n, sudoraci\u00f3n en las manos, tensi\u00f3n muscular, sensaci\u00f3n de desmayo, mareos, molestias gastrointestinales y migra\u00f1a.<\/p>\n<p style=\"text-align: justify;\">Cuando las fobias interfieren con la vida de una persona, se recomienda acudir a su Unidad de Medicina Familia del IMSS, para que un especialista le indique el tratamiento correspondiente, ya que cada caso es diferente, y la atenci\u00f3n debe ser personalizada.<\/p>\n","protected":false},"excerpt":{"rendered":"<p>Las fobias se generalizan por un doble mecanismo, primero el afectado comienza a temer algo porque lo asocia a alguna experiencia negativa, despu\u00e9s trata de evitar eso que le genera ansiedad, lo cual le lleva a tenerle cada vez m\u00e1s miedo y a evitar su confrontaci\u00f3n.<\/p>\n","protected":false},"author":1,"featured_media":0,"comment_status":"open","ping_status":"open","sticky":false,"template":"","format":"standard","meta":{"footnotes":""},"categories":[59],"tags":[],"class_list":["post-65021","post","type-post","status-publish","format-standard","hentry","category-general"],"_links":{"self":[{"href":"https:\/\/plazajuarez.mx\/historico\/wp-json\/wp\/v2\/posts\/65021","targetHints":{"allow":["GET"]}}],"collection":[{"href":"https:\/\/plazajuarez.mx\/historico\/wp-json\/wp\/v2\/posts"}],"about":[{"href":"https:\/\/plazajuarez.mx\/historico\/wp-json\/wp\/v2\/types\/post"}],"author":[{"embeddable":true,"href":"https:\/\/plazajuarez.mx\/historico\/wp-json\/wp\/v2\/users\/1"}],"replies":[{"embeddable":true,"href":"https:\/\/plazajuarez.mx\/historico\/wp-json\/wp\/v2\/comments?post=65021"}],"version-history":[{"count":0,"href":"https:\/\/plazajuarez.mx\/historico\/wp-json\/wp\/v2\/posts\/65021\/revisions"}],"wp:attachment":[{"href":"https:\/\/plazajuarez.mx\/historico\/wp-json\/wp\/v2\/media?parent=65021"}],"wp:term":[{"taxonomy":"category","embeddable":true,"href":"https:\/\/plazajuarez.mx\/historico\/wp-json\/wp\/v2\/categories?post=65021"},{"taxonomy":"post_tag","embeddable":true,"href":"https:\/\/plazajuarez.mx\/historico\/wp-json\/wp\/v2\/tags?post=65021"}],"curies":[{"name":"wp","href":"https:\/\/api.w.org\/{rel}","templated":true}]}}