{"id":64835,"date":"2018-06-08T13:49:25","date_gmt":"2018-06-08T13:49:25","guid":{"rendered":"http:\/\/plazajuarez.mx\/index\/index.php\/2018\/06\/08\/futbol-internacional-448\/"},"modified":"2018-06-08T13:49:25","modified_gmt":"2018-06-08T13:49:25","slug":"futbol-internacional-448","status":"publish","type":"post","link":"https:\/\/plazajuarez.mx\/historico\/futbol-internacional-448\/","title":{"rendered":"Futbol Internacional"},"content":{"rendered":"<p>RUSIA 2018<br \/>A d\u00edas del inicio mundialista<br \/>\u00a0\u00a0 \u00a0\u2022\u00a0\u00a0 \u00a0La ceremonia de inauguraci\u00f3n del Mundial se llevar\u00e1 a cabo el jueves 14 de junio en el Estadio Luzhniki de Mosc\u00fa\u2028<\/p>\n<p>  <!--more-->  <\/p>\n<p>Estamos a d\u00edas de que inicie la Copa del Mundo Rusia 2018 y aqu\u00ed dejamos lo que debes saber del inicio de la fiesta mundialista y de los partidos de la Selecci\u00f3n Mexicana.<br \/>La ceremonia de inauguraci\u00f3n del Mundial de Rusia 2018, se llevar\u00e1 a cabo el jueves 14 de junio (8:00 horas del centro de M\u00e9xico) en el Estadio Luzhniki de Mosc\u00fa, antes del partido inaugural entre Rusia y Arabia Saudita correspondiente al Grupo A, programado para las 10:00 horas en M\u00e9xico.<br \/>El comit\u00e9 organizador tiene previsto que se presenten 500 bailarines, gimnastas y equilibristas, que animaran la ceremonia acompa\u00f1ados por fuegos artificiales.<br \/>Tambi\u00e9n se entonar\u00e1 la canci\u00f3n de la Copa Mundial de la FIFA 2018, &#8220;Live It Up&#8221;. Una danza en la que participar\u00e1n diversos artistas rusos y muchas celebridades de todo el mundo, as\u00ed como los cantantes Nicky Jam, Will Smith y Era Istrefi, las voces de la canci\u00f3n oficial de la Copa del Mundo.<br \/>Tambi\u00e9n se espera que asistan al evento celebridades del mundo del futbol y del espect\u00e1culo.<br \/>El Estadio Luzhniki de Mosc\u00fa, que albergar\u00e1 la inauguraci\u00f3n tiene aforo para 81 mil aficionados.<br \/>SIGUE EL CAMINO DEL TRICOLOR<br \/>Durante el mes que dura la Copa del Mundo, la vida cotidiana no es la misma. Hay que anticipar ciertos detalles por si los partidos ocurren mientras est\u00e1s en el trabajo o en tu merecido d\u00eda de descanso.<br \/>Y si se trata de la Selecci\u00f3n Mexicana, es buen momento para planear esa escapada de 90 minutos, porque dos de los tres partidos ocurrir\u00e1n por la ma\u00f1ana y en horario laboral.<br \/>Por eso, te compartimos la agenda tricolor en la fase de grupos:<br \/>Alemania-M\u00e9xico<br \/>Domingo 17 de junio<br \/>10:00 horas<br \/>Corea del Sur- M\u00e9xico<br \/>Lunes 23 de junio<br \/>10:00 horas<br \/>M\u00e9xico \u2013 Suecia<br \/>Viernes 27 de junio<br \/>09:00 horas<br \/>\u2028************************<\/p>\n<p>\u00a0\u2028FIFA<br \/>M\u00e9xico se mantiene en el lugar 15 del ranking <br \/>La Federaci\u00f3n Internacional de Futbol Asociaci\u00f3n (FIFA) dio a conocer la \u00faltima clasificaci\u00f3n mensual de Selecciones Nacionales, previo al arranque de la Copa Mundial Rusia 2018.<br \/>El equipo dirigido por Juan Carlos Osorio se mantiene en la d\u00e9cimo quinta posici\u00f3n con 989 unidades, sin variaci\u00f3n con el mes anterior.<br \/>Alemania sigue encabezando la lista con 1558 unidades, seguida de cerca por Brasil con 1431. B\u00e9lgica es tercera con 1298, Portugal cuarto lugar con 1274 y Argentina es quinta con 1241 puntos.<br \/>M\u00e9xico ocupa el primer puesto en la zona de la Concacaf, por encima de Costa Rica, que ocupa el pelda\u00f1o 23 de la clasificaci\u00f3n general con 884 unidades.<br \/>Si el conjunto Azteca perteneciera a la UEFA, se ubicar\u00eda en el d\u00e9cimo sitio.<br \/>Respecto a la Conmebol, los mexicanos ser\u00edan sexto lugar, por debajo de Brasil, Argentina, Chile, Per\u00fa y Uruguay.<br \/>En \u00c1frica, Asia y Ocean\u00eda, la selecci\u00f3n de M\u00e9xico ocupar\u00eda el primer lugar.<\/p>\n<p>\u2028************************<\/p>\n<p>REAL MADRID <br \/>CR7 habr\u00eda obtenido el permiso de Florentino P\u00e9rez para salir del equipo <br \/>Despu\u00e9s del \u201cfue bonito jugar en el Real Madrid\u201d que solt\u00f3 Cristiano Ronaldo en pleno festejo tras ganar el tricampeonato en la Champions League y su falta de explicaci\u00f3n a la afici\u00f3n como \u00e9l mismo lo prometi\u00f3, las especulaciones sobre su salida del conjunto Merengue no paran.<br \/>Ahora, se habla que su partida estar\u00eda relacionada con la cantidad de dinero que gana, ya que estar\u00eda pidiendo un salario mayor al de Lionel Messi con el Barcelona o el de Neymar en el PSG, es lo \u00faltimo que se maneja en los medios de Portugal y Espa\u00f1a.<br \/>Por lo que el Florentino P\u00e9rez, presidente del Real Madrid, le habr\u00eda abierto las puertas a Cristiano para que tenga libertad de contratarse con quien quiera, pero hay que recordar que el portugu\u00e9s tiene contrato vigente que lo vincula con los blancos hasta el 2021, con 1.000 millones de cl\u00e1usula.<br \/>Actualmente, Cristiano Ronaldo se encuentra concentrado con la Selecci\u00f3n de Portugal para enfrentar el Mundial Rusia 2018, donde enfrentar\u00e1n a Espa\u00f1a, Marruecos e Ir\u00e1n, conformando el Grupo B.<\/p>\n","protected":false},"excerpt":{"rendered":"<p>RUSIA 2018A d\u00edas del inicio mundialista\u00a0\u00a0 \u00a0\u2022\u00a0\u00a0 \u00a0La ceremonia de inauguraci\u00f3n del Mundial se llevar\u00e1 a cabo el jueves 14 de junio en el Estadio Luzhniki de Mosc\u00fa\u2028<\/p>\n","protected":false},"author":93,"featured_media":0,"comment_status":"open","ping_status":"open","sticky":false,"template":"","format":"standard","meta":{"footnotes":""},"categories":[39],"tags":[],"class_list":["post-64835","post","type-post","status-publish","format-standard","hentry","category-deportiva"],"_links":{"self":[{"href":"https:\/\/plazajuarez.mx\/historico\/wp-json\/wp\/v2\/posts\/64835","targetHints":{"allow":["GET"]}}],"collection":[{"href":"https:\/\/plazajuarez.mx\/historico\/wp-json\/wp\/v2\/posts"}],"about":[{"href":"https:\/\/plazajuarez.mx\/historico\/wp-json\/wp\/v2\/types\/post"}],"author":[{"embeddable":true,"href":"https:\/\/plazajuarez.mx\/historico\/wp-json\/wp\/v2\/users\/93"}],"replies":[{"embeddable":true,"href":"https:\/\/plazajuarez.mx\/historico\/wp-json\/wp\/v2\/comments?post=64835"}],"version-history":[{"count":0,"href":"https:\/\/plazajuarez.mx\/historico\/wp-json\/wp\/v2\/posts\/64835\/revisions"}],"wp:attachment":[{"href":"https:\/\/plazajuarez.mx\/historico\/wp-json\/wp\/v2\/media?parent=64835"}],"wp:term":[{"taxonomy":"category","embeddable":true,"href":"https:\/\/plazajuarez.mx\/historico\/wp-json\/wp\/v2\/categories?post=64835"},{"taxonomy":"post_tag","embeddable":true,"href":"https:\/\/plazajuarez.mx\/historico\/wp-json\/wp\/v2\/tags?post=64835"}],"curies":[{"name":"wp","href":"https:\/\/api.w.org\/{rel}","templated":true}]}}