{"id":64623,"date":"2018-06-05T00:41:17","date_gmt":"2018-06-05T00:41:17","guid":{"rendered":"http:\/\/plazajuarez.mx\/index\/index.php\/2018\/06\/05\/confirman-filmacion-de-legalmente-rubia-3\/"},"modified":"2018-06-05T00:41:17","modified_gmt":"2018-06-05T00:41:17","slug":"confirman-filmacion-de-legalmente-rubia-3","status":"publish","type":"post","link":"https:\/\/plazajuarez.mx\/historico\/confirman-filmacion-de-legalmente-rubia-3\/","title":{"rendered":"Confirman filmaci\u00f3n de &#8220;Legalmente rubia 3&#8221;"},"content":{"rendered":"<p style=\"text-align: justify;\">Lo que no se sabe es si la tercera pel\u00edcula retomar\u00e1 los hechos de &#8220;Legalmente rubia 2&#8221;.<\/p>\n<p>  <!--more-->  <\/p>\n<p style=\"text-align: justify;\">Una tercera pel\u00edcula de &#8220;Legalmente rubia&#8221; se encuentra ya en preparaci\u00f3n, seg\u00fan confirm\u00f3 &#8220;Entertainment Weekly&#8221;.<\/p>\n<p style=\"text-align: justify;\">La misma publicaci\u00f3n dio a conocer que Reese Witherspoon ya est\u00e1 en pl\u00e1ticas para retomar su papel de Elle Woods, la rubia que sorprende a todos al entrar a la Escuela de Derecho de Harvard.<\/p>\n<p style=\"text-align: justify;\">Detr\u00e1s de esta nueva historia est\u00e1n las escritoras de la primera cinta, Karen McCullah y Kristen &#8220;Kiwi&#8221; Smith.<\/p>\n<p style=\"text-align: justify;\">Lo que no se sabe es si la tercera pel\u00edcula retomar\u00e1 los hechos de &#8220;Legalmente rubia 2&#8221;, que no fue escrita por McCullah y Smith.<\/p>\n<p style=\"text-align: justify;\">Tampoco se sabe si habr\u00e1 un nuevo &#8220;Bruiser&#8221;, el perrito chihuahua de Elle, que en la vida real muri\u00f3 en marzo de 2016.<\/p>\n","protected":false},"excerpt":{"rendered":"<p>Lo que no se sabe es si la tercera pel\u00edcula retomar\u00e1 los hechos de &#8220;Legalmente rubia 2&#8221;.<\/p>\n","protected":false},"author":1,"featured_media":0,"comment_status":"open","ping_status":"open","sticky":false,"template":"","format":"standard","meta":{"footnotes":""},"categories":[38],"tags":[],"class_list":["post-64623","post","type-post","status-publish","format-standard","hentry","category-show"],"_links":{"self":[{"href":"https:\/\/plazajuarez.mx\/historico\/wp-json\/wp\/v2\/posts\/64623","targetHints":{"allow":["GET"]}}],"collection":[{"href":"https:\/\/plazajuarez.mx\/historico\/wp-json\/wp\/v2\/posts"}],"about":[{"href":"https:\/\/plazajuarez.mx\/historico\/wp-json\/wp\/v2\/types\/post"}],"author":[{"embeddable":true,"href":"https:\/\/plazajuarez.mx\/historico\/wp-json\/wp\/v2\/users\/1"}],"replies":[{"embeddable":true,"href":"https:\/\/plazajuarez.mx\/historico\/wp-json\/wp\/v2\/comments?post=64623"}],"version-history":[{"count":0,"href":"https:\/\/plazajuarez.mx\/historico\/wp-json\/wp\/v2\/posts\/64623\/revisions"}],"wp:attachment":[{"href":"https:\/\/plazajuarez.mx\/historico\/wp-json\/wp\/v2\/media?parent=64623"}],"wp:term":[{"taxonomy":"category","embeddable":true,"href":"https:\/\/plazajuarez.mx\/historico\/wp-json\/wp\/v2\/categories?post=64623"},{"taxonomy":"post_tag","embeddable":true,"href":"https:\/\/plazajuarez.mx\/historico\/wp-json\/wp\/v2\/tags?post=64623"}],"curies":[{"name":"wp","href":"https:\/\/api.w.org\/{rel}","templated":true}]}}