{"id":64622,"date":"2018-06-04T23:23:37","date_gmt":"2018-06-04T23:23:37","guid":{"rendered":"http:\/\/plazajuarez.mx\/index\/index.php\/2018\/06\/04\/pena-nieto-ofrece-a-guatemala-asistencia-tras-erupcion-de-volcan\/"},"modified":"2018-06-04T23:23:37","modified_gmt":"2018-06-04T23:23:37","slug":"pena-nieto-ofrece-a-guatemala-asistencia-tras-erupcion-de-volcan","status":"publish","type":"post","link":"https:\/\/plazajuarez.mx\/historico\/pena-nieto-ofrece-a-guatemala-asistencia-tras-erupcion-de-volcan\/","title":{"rendered":"Pe\u00f1a Nieto ofrece a Guatemala asistencia tras erupci\u00f3n de volc\u00e1n"},"content":{"rendered":"<p style=\"text-align: justify;\">La casa presidencial agreg\u00f3 que ambos mandatarios acordaron mantener una estrecha comunicaci\u00f3n.<\/p>\n<p>  <!--more-->  <\/p>\n<p style=\"text-align: justify;\">El presidente Enrique Pe\u00f1a Nieto ofreci\u00f3 a su hom\u00f3logo de Guatemala, Jimmy Morales, la asistencia y las capacidades del Gobierno de M\u00e9xico en materia de protecci\u00f3n civil para el rescate y la ayuda a los ciudadanos guatemaltecos afectados por la erupci\u00f3n del Volc\u00e1n de Fuego.<\/p>\n<p style=\"text-align: justify;\">El jefe del Estado mexicano habl\u00f3 por tel\u00e9fono con el presidente de Guatemala, a quien le reiter\u00f3 la solidaridad del pueblo y del Gobierno de M\u00e9xico por la p\u00e9rdida de vidas humanas.<\/p>\n<p style=\"text-align: justify;\">&#8220;El presidente de Guatemala agradeci\u00f3 la llamada y expres\u00f3 que el pueblo y el Gobierno de esa naci\u00f3n valoran mucho el ofrecimiento del Gobierno mexicano para atender la emergencia&#8221;, inform\u00f3 Los Pinos en un comunicado.<\/p>\n<p style=\"text-align: justify;\">La casa presidencial agreg\u00f3 que ambos mandatarios acordaron mantener una estrecha comunicaci\u00f3n para realizar las acciones necesarias en apoyo al pueblo guatemalteco, durante esta contingencia.<\/p>\n","protected":false},"excerpt":{"rendered":"<p>La casa presidencial agreg\u00f3 que ambos mandatarios acordaron mantener una estrecha comunicaci\u00f3n.<\/p>\n","protected":false},"author":1,"featured_media":0,"comment_status":"open","ping_status":"open","sticky":false,"template":"","format":"standard","meta":{"footnotes":""},"categories":[36],"tags":[],"class_list":["post-64622","post","type-post","status-publish","format-standard","hentry","category-nacion"],"_links":{"self":[{"href":"https:\/\/plazajuarez.mx\/historico\/wp-json\/wp\/v2\/posts\/64622","targetHints":{"allow":["GET"]}}],"collection":[{"href":"https:\/\/plazajuarez.mx\/historico\/wp-json\/wp\/v2\/posts"}],"about":[{"href":"https:\/\/plazajuarez.mx\/historico\/wp-json\/wp\/v2\/types\/post"}],"author":[{"embeddable":true,"href":"https:\/\/plazajuarez.mx\/historico\/wp-json\/wp\/v2\/users\/1"}],"replies":[{"embeddable":true,"href":"https:\/\/plazajuarez.mx\/historico\/wp-json\/wp\/v2\/comments?post=64622"}],"version-history":[{"count":0,"href":"https:\/\/plazajuarez.mx\/historico\/wp-json\/wp\/v2\/posts\/64622\/revisions"}],"wp:attachment":[{"href":"https:\/\/plazajuarez.mx\/historico\/wp-json\/wp\/v2\/media?parent=64622"}],"wp:term":[{"taxonomy":"category","embeddable":true,"href":"https:\/\/plazajuarez.mx\/historico\/wp-json\/wp\/v2\/categories?post=64622"},{"taxonomy":"post_tag","embeddable":true,"href":"https:\/\/plazajuarez.mx\/historico\/wp-json\/wp\/v2\/tags?post=64622"}],"curies":[{"name":"wp","href":"https:\/\/api.w.org\/{rel}","templated":true}]}}