{"id":64618,"date":"2018-06-04T19:02:13","date_gmt":"2018-06-04T19:02:13","guid":{"rendered":"http:\/\/plazajuarez.mx\/index\/index.php\/2018\/06\/04\/detienen-a-11-integrantes-de-una-banda-secuestradora\/"},"modified":"2018-06-04T19:02:13","modified_gmt":"2018-06-04T19:02:13","slug":"detienen-a-11-integrantes-de-una-banda-secuestradora","status":"publish","type":"post","link":"https:\/\/plazajuarez.mx\/historico\/detienen-a-11-integrantes-de-una-banda-secuestradora\/","title":{"rendered":"Detienen a 11 integrantes de una banda de secuestradores"},"content":{"rendered":"<p>\u00a0Con la captura de los 11 integrantes de esta banda, cuyos miembros son originarios de Veracruz, Puebla, Estado de M\u00e9xico e Hidalgo, se desarticul\u00f3 en su totalidad dicha c\u00e9lula.<\/p>\n<p>  <!--more-->  <\/p>\n<p style=\"text-align: justify;\">Derivado de trabajos de investigaci\u00f3n e inteligencia realizados por agentes adscritos a la Unidad Especializada en el Combate al Secuestro de la Procuradur\u00eda General de Justicia del Estado de Hidalgo, con apoyo de autoridades federales, se logr\u00f3 la desarticulaci\u00f3n de una banda dedicada al secuestro.<\/p>\n<p style=\"text-align: justify;\">Dicha c\u00e9lula delictiva estaba integrada por once personas, 10 de ellas del sexo masculino, identificadas como Tom\u00e1s \u201cN\u201d, Victorino \u201cN\u201d, Te\u00f3dulo \u201cN\u201d, Tom\u00e1s \u201cN\u201d, Alejandro \u201cN\u201d, Artemio \u201cN\u201d, Manuel \u201cN\u201d., Juan \u201cN\u201d, Mario \u201cN\u201d, y un menor de edad de quien se omiten sus iniciales por razones legales; as\u00ed como una persona del sexo femenino identificada como Ana \u201cN\u201d., quienes por su probable actividad delictiva en la regi\u00f3n de Tulancingo, espec\u00edficamente en Acaxochitl\u00e1n, generaron entre la poblaci\u00f3n temor y un amplio ambiente de inseguridad.<\/p>\n<p style=\"text-align: justify;\">El modus operandi de los probables secuestradores detenidos, consist\u00eda en privar de la libertad a sus v\u00edctimas, aprovechando que \u00e9stas viajaban por caminos y carreteras de aquella regi\u00f3n, a bordo de sus veh\u00edculos, los cuales eran interceptados y una vez que deten\u00edan su marcha, las v\u00edctimas eran amagadas y sometidas por sujetos armados, para posteriormente trasladarlas a casas de seguridad en donde las manten\u00edan en cautiverio, mientras exig\u00edan a su familiares la entrega de ciertas cantidades de dinero a cambio de su libertad.<\/p>\n<p style=\"text-align: justify;\">Con la captura de los 11 integrantes de esta banda, cuyos miembros son originarios de Veracruz, Puebla, Estado de M\u00e9xico e Hidalgo, se desarticul\u00f3 en su totalidad dicha c\u00e9lula, que de acuerdo con informaci\u00f3n de la Procuradur\u00eda, podr\u00edan estar relacionados con al menos tres carpetas de investigaci\u00f3n y diversos hechos, por los que, debido a las amenazas que hac\u00edan a sus v\u00edctimas, no fueron formuladas las denuncias correspondientes.<\/p>\n<p><img loading=\"lazy\" decoding=\"async\" style=\"display: block; margin-left: auto; margin-right: auto;\" src=\"images\/3.jpg\" width=\"265\" height=\"265\" \/><img loading=\"lazy\" decoding=\"async\" style=\"display: block; margin-left: auto; margin-right: auto;\" src=\"images\/8c697f8371cdaae8e29034d8462c77a3_M.jpg\" width=\"272\" height=\"272\" \/><\/p>\n<p style=\"text-align: justify;\">La captura de los probables responsables, deriv\u00f3 de la investigaci\u00f3n de un secuestro ocurrido en la localidad de San Mateo, en el municipio de Acaxochitl\u00e1n y por cuya v\u00edctima se solicitaba la cantidad de 150 mil pesos de rescate, haciendo un primer pago de 70 mil pesos, dinero que fue entregado sin que se obtuviera la libertad de la persona en cautiverio.<\/p>\n<p style=\"text-align: justify;\">Posteriormente esta banda nuevamente contact\u00f3 a la familia de la v\u00edctima para exigir un segundo pago por el rescate, situaci\u00f3n que se aprovech\u00f3 para implementar un operativo t\u00e1ctico con el que se logr\u00f3 la detenci\u00f3n de cinco de ellos (Manuel \u201cN\u201d, Juan \u201cN\u201d, Te\u00f3dulo \u201cN\u201d, Mario \u201cN\u201d y un menor de edad), todos ellos detenidos en\u00a0 flagrancia; desafortunadamente en este caso la v\u00edctima fue encontrada sin vida.<\/p>\n<p style=\"text-align: justify;\">\u201cEsto nos permiti\u00f3 continuar con las investigaciones y con base en ellas pudimos obtener indicios para solicitar a la autoridad judicial \u00f3rdenes de aprehensi\u00f3n en contra de los cinco hombres restantes y una mujer, que pertenecen al mismo grupo delictivo y que presuntamente est\u00e1n relacionados en hechos distintos\u201d, dijo la PGJEH.<\/p>\n<p style=\"text-align: justify;\">Derivado de la detenci\u00f3n, los probables responsables fueron puestos a disposici\u00f3n del juez de Control, en Materia Penal en el Sistema de Justicia Penal Acusatorio y Oral, perteneciente al Segundo Circuito Judicial de Tulancingo Hidalgo, obteniendo en d\u00edas pasados su vinculaci\u00f3n a proceso. Y actualmente, permanecen en prisi\u00f3n preventiva.<\/p>\n<p style=\"text-align: justify;\">\u00a0<\/p>\n","protected":false},"excerpt":{"rendered":"<p>\u00a0Con la captura de los 11 integrantes de esta banda, cuyos miembros son originarios de Veracruz, Puebla, Estado de M\u00e9xico e Hidalgo, se desarticul\u00f3 en su totalidad dicha c\u00e9lula.<\/p>\n","protected":false},"author":1,"featured_media":0,"comment_status":"open","ping_status":"open","sticky":false,"template":"","format":"standard","meta":{"footnotes":""},"categories":[37],"tags":[],"class_list":["post-64618","post","type-post","status-publish","format-standard","hentry","category-barandilla"],"_links":{"self":[{"href":"https:\/\/plazajuarez.mx\/historico\/wp-json\/wp\/v2\/posts\/64618","targetHints":{"allow":["GET"]}}],"collection":[{"href":"https:\/\/plazajuarez.mx\/historico\/wp-json\/wp\/v2\/posts"}],"about":[{"href":"https:\/\/plazajuarez.mx\/historico\/wp-json\/wp\/v2\/types\/post"}],"author":[{"embeddable":true,"href":"https:\/\/plazajuarez.mx\/historico\/wp-json\/wp\/v2\/users\/1"}],"replies":[{"embeddable":true,"href":"https:\/\/plazajuarez.mx\/historico\/wp-json\/wp\/v2\/comments?post=64618"}],"version-history":[{"count":0,"href":"https:\/\/plazajuarez.mx\/historico\/wp-json\/wp\/v2\/posts\/64618\/revisions"}],"wp:attachment":[{"href":"https:\/\/plazajuarez.mx\/historico\/wp-json\/wp\/v2\/media?parent=64618"}],"wp:term":[{"taxonomy":"category","embeddable":true,"href":"https:\/\/plazajuarez.mx\/historico\/wp-json\/wp\/v2\/categories?post=64618"},{"taxonomy":"post_tag","embeddable":true,"href":"https:\/\/plazajuarez.mx\/historico\/wp-json\/wp\/v2\/tags?post=64618"}],"curies":[{"name":"wp","href":"https:\/\/api.w.org\/{rel}","templated":true}]}}