{"id":64616,"date":"2018-06-04T15:53:27","date_gmt":"2018-06-04T15:53:27","guid":{"rendered":"http:\/\/plazajuarez.mx\/index\/index.php\/2018\/06\/04\/dan-a-conocer-lista-de-23-jugadores-del-tri-para-mundial\/"},"modified":"2018-06-04T15:53:27","modified_gmt":"2018-06-04T15:53:27","slug":"dan-a-conocer-lista-de-23-jugadores-del-tri-para-mundial","status":"publish","type":"post","link":"https:\/\/plazajuarez.mx\/historico\/dan-a-conocer-lista-de-23-jugadores-del-tri-para-mundial\/","title":{"rendered":"Dan a conocer lista de 23 jugadores del Tri para Mundial"},"content":{"rendered":"<p>Diego Reyes, Andr\u00e9s Guardado y H\u00e9ctor Moreno s\u00ed estar\u00e1n en Rusia.<\/p>\n<p>  <!--more-->  <\/p>\n<p>Este lunes, la Direcci\u00f3n de Selecciones Nacionales dio a conocer los 23 elegidos por Juan Carlos Osorio para encarar el Mundial de Rusia 2018.<\/p>\n<p>El \u00faltimo excluido del grupo de los tricolores fue el integrante del Pachuca, Erick Guti\u00e9rrez.<\/p>\n<p>&#8220;Erick Guti\u00e9rrez realizar\u00e1 el viaje a Europa con la Selecci\u00f3n Nacional de M\u00e9xico, sin estar inscrito, en reserva de la evoluci\u00f3n de los jugadores lesionados&#8221;, refiri\u00f3 el comunicado de la Direcci\u00f3n de Selecciones.<\/p>\n<p>Por su parte, Diego Reyes, Andr\u00e9s Guardado y H\u00e9ctor Moreno s\u00ed estar\u00e1n en Rusia.<\/p>\n<p>El capit\u00e1n Rafael M\u00e1rquez firmar\u00e1 su quinto Mundial en su carrera.<\/p>\n<p>Lista de convocados:<\/p>\n<p>01- Jes\u00fas Corona &#8211; Cruz Azul<\/p>\n<p>02- Hugo Ayala &#8211; Tigres UANL<\/p>\n<p>03- Carlos Salcedo &#8211; Eintracht Frankfurt\/ALE<\/p>\n<p>04- Rafael M\u00e1rquez &#8211; Atlas<\/p>\n<p>05- Diego Reyes &#8211; Porto FC\/POR<\/p>\n<p>06- Jonathan Dos Santos &#8211; L.A. Galaxy\/EUA<\/p>\n<p>07- Miguel Lay\u00fan &#8211; Sevilla\/ESP<\/p>\n<p>08- Marco Fabi\u00e1n de la Mora &#8211; Eintracht Frankfurt\/ALE<\/p>\n<p>09- Ra\u00fal Jim\u00e9nez &#8211; Benfica\/POR<\/p>\n<p>10- Giovani Dos Santos &#8211; L.A. Galaxy\/EUA<\/p>\n<p>11- Carlos Vela &#8211; Los \u00c1ngeles FC\/EUA<\/p>\n<p>12- Alfredo Talavera &#8211; Toluca<\/p>\n<p>13- Guillermo Ochoa &#8211; Standard Lieja\/BEL<\/p>\n<p>14- Javier Hern\u00e1ndez &#8211; West Ham\/ING<\/p>\n<p>15- H\u00e9ctor Moreno &#8211; Real Sociedad\/ESP<\/p>\n<p>16- H\u00e9ctor Herrera &#8211; Porto FC\/POR<\/p>\n<p>17- Jes\u00fas Manuel Corona &#8211; Porto FC\/POR<\/p>\n<p>18- Andr\u00e9s Guardado &#8211; Real Betis\/ESP<\/p>\n<p>19- Oribe Peralta &#8211; Am\u00e9rica<\/p>\n<p>20- Javier Aquino &#8211; Tigres\/UANL<\/p>\n<p>21- Edson \u00c1lvarez &#8211; Am\u00e9rica<\/p>\n<p>22- Hirving Lozano &#8211; PSV Eindhoven\/HOL<\/p>\n<p>23- Jes\u00fas Gallardo &#8211; Pumas UNAM<\/p>\n","protected":false},"excerpt":{"rendered":"<p>Diego Reyes, Andr\u00e9s Guardado y H\u00e9ctor Moreno s\u00ed estar\u00e1n en Rusia.<\/p>\n","protected":false},"author":6,"featured_media":0,"comment_status":"open","ping_status":"open","sticky":false,"template":"","format":"standard","meta":{"footnotes":""},"categories":[39],"tags":[],"class_list":["post-64616","post","type-post","status-publish","format-standard","hentry","category-deportiva"],"_links":{"self":[{"href":"https:\/\/plazajuarez.mx\/historico\/wp-json\/wp\/v2\/posts\/64616","targetHints":{"allow":["GET"]}}],"collection":[{"href":"https:\/\/plazajuarez.mx\/historico\/wp-json\/wp\/v2\/posts"}],"about":[{"href":"https:\/\/plazajuarez.mx\/historico\/wp-json\/wp\/v2\/types\/post"}],"author":[{"embeddable":true,"href":"https:\/\/plazajuarez.mx\/historico\/wp-json\/wp\/v2\/users\/6"}],"replies":[{"embeddable":true,"href":"https:\/\/plazajuarez.mx\/historico\/wp-json\/wp\/v2\/comments?post=64616"}],"version-history":[{"count":0,"href":"https:\/\/plazajuarez.mx\/historico\/wp-json\/wp\/v2\/posts\/64616\/revisions"}],"wp:attachment":[{"href":"https:\/\/plazajuarez.mx\/historico\/wp-json\/wp\/v2\/media?parent=64616"}],"wp:term":[{"taxonomy":"category","embeddable":true,"href":"https:\/\/plazajuarez.mx\/historico\/wp-json\/wp\/v2\/categories?post=64616"},{"taxonomy":"post_tag","embeddable":true,"href":"https:\/\/plazajuarez.mx\/historico\/wp-json\/wp\/v2\/tags?post=64616"}],"curies":[{"name":"wp","href":"https:\/\/api.w.org\/{rel}","templated":true}]}}