{"id":64594,"date":"2018-06-04T05:09:28","date_gmt":"2018-06-04T05:09:28","guid":{"rendered":"http:\/\/plazajuarez.mx\/index\/index.php\/2018\/06\/04\/retratos-hablados-622\/"},"modified":"2018-06-04T05:09:28","modified_gmt":"2018-06-04T05:09:28","slug":"retratos-hablados-622","status":"publish","type":"post","link":"https:\/\/plazajuarez.mx\/historico\/retratos-hablados-622\/","title":{"rendered":"RETRATOS HABLADOS"},"content":{"rendered":"<p>* Nosotros, la gente<\/p>\n<p>  <!--more-->  <\/p>\n<p>A lo largo de esta jornada electoral que terminar\u00e1 tres d\u00edas antes del 1 de julio, muchas son las amistades que han llegado a su fin, lo mismo que de la noche a la ma\u00f1ana los que ayer se escrib\u00edan mensajes de buenos d\u00edas, feliz cumplea\u00f1os, espl\u00e9ndidas fiestas de Navidad y fin de a\u00f1o, simplemente se dieron de baja casi al mismo instante. Como en todo ejercicio pol\u00edtico, los nadie se tundieron con lo que se les puso a la mano, se injuriaron, clamaron venganza, tacharon al que no coincid\u00eda con sus tendencias pol\u00edticas de imb\u00e9cil, para terminar por estas fechas, distanciados hasta la muerte.<br \/>\u00a0\u00a0 \u00a0No pasa lo mismo con los que usan a los nadie como parte de una masa amorfa para llenas plazas, calles, estadios, auditorios, y convencerse de que ser\u00e1n los ganadores, como finalmente lo son, ganen o pierdan, porque el ejercicio pol\u00edtico en nuestro pa\u00eds (supongo en todos lados) nunca deja descobijado al que le invirti\u00f3 tiempo, dinero y esfuerzo.<br \/>\u00a0\u00a0 \u00a0Pero los nadie siempre acaban igual, aporreados, enemistados, igual de miserables, y si ganan, con la certeza de que sus iguales son unos malditos traidores si es que votaron en contra; si perdieron, el sentimiento ser\u00e1 el mismo, pero con m\u00e1s odio, odio del bueno.<br \/>\u00a0\u00a0 \u00a0Tendr\u00e1n que pasar seis a\u00f1os para volver a lo mismo de ahora, esperanzados queremos creer que no estaremos ante un pa\u00eds desbaratado de nueva cuenta, \u201cporque ya aprendimos de los fracasos\u201d.<br \/>\u00a0\u00a0 \u00a0Sin embargo siempre ser\u00e1n los mismos en la c\u00faspide del poder, o en la lucha por ganarlo. Ser\u00e1n las mismas familias, conocidos, integrantes de un c\u00edrculo tan estrecho que a veces uno se pregunta si no es el equivalente a ojo de una aguja por donde nunca pasar\u00e1n los ricos para llegar al reino de los cielos.<br \/>\u00a0\u00a0 \u00a0Nosotros somos los nadie, la gente de Serrat que llena estadios, que la agarran a porrazos, que le ponen ung\u00fcentos, que hacen realidad la escenograf\u00eda so\u00f1ada por el ambicioso del poder. <br \/>\u00a0\u00a0 \u00a0Como nunca estas campa\u00f1as de las que somos testigos, este circo de malabaristas y traidores a un partido, que de pronto se despiertan convertidos en justicieros revolucionarios. Como nunca esta historia de la que somos testigos, nos confirma que despu\u00e9s de todo alg\u00fan d\u00eda los que miramos con desconfianza, con seguridad daremos el paso para transformar los sue\u00f1os y llevarlos a la realidad.<br \/>\u00a0\u00a0 \u00a0Pero por lo mientras, por desgracia, tambi\u00e9n empezamos a creer que llegar\u00e1 el final de nuestras existencias terrenales sin ver el cambio, porque despu\u00e9s de todo la edad nos ha ense\u00f1ado que la vida es una constante, un camino que se transita lentamente para paladearlo d\u00eda a d\u00eda, y que las transformaciones pueden o no llegar, sin que esto nos amargue.<br \/>\u00a0\u00a0 \u00a0Joan Manuel Serrat dedic\u00f3 una canci\u00f3n a La Gente, es decir usted, nostros, todos, que me permito transcribir:<br \/>La gente va muy bien en cualquier acto p\u00fablico\u2028para llenar la cancha\u2028y hacer la ola.\u2028La gente va muy bien para ilustrar cat\u00e1logos,\u2028para consumir mitos\u2028y seguir la moda.\u2028La gente va muy bien para construir pir\u00e1mides,\u2028para tirar del carro\u2028y hacer el amor.\u2028La gente va muy bien para formar ej\u00e9rcitos\u2028y para dar ambiente\u2028\u00a1Viva la gente\u2026!<br \/>La gente va muy bien para contarles cuentos,\u2028para darles porrazos\u2028y venderles ung\u00fcentos.\u2028La gente va muy bien\u2026 La gente va muy bien\u2028para decir que \u00abS\u00cd\u00bb\u2028para decir \u00abAM\u00c9N\u00bb.<br \/>La gente va muy bien como ejemplo de b\u00edpedo\u2028que llora, se enamora\u2028y usa zapatos.\u2028La gente va muy bien para suscribir p\u00f3lizas,\u2028acatar las consignas\u2028y pagar el pato.\u2028La gente va muy bien como dato estad\u00edstico,\u2028an\u00f3nimos comparsas\u2028de este culebr\u00f3n.\u2028La gente va muy bien yo puedo asegur\u00e1rselo.\u2028Conozco a esos plebeyos\u2026\u2028\u00a1Soy uno de ellos\u2026!<br \/>La gente va muy bien para aplaudir al jefe,\u2028animar el paisaje\u2028y preservar la especie.\u2028La gente va muy bien\u2026 La gente va muy bien.\u2028para decir que \u00abS\u00cd\u00bb\u2028para decir \u00abAM\u00c9N\u00bb.<br \/>La gente va muy bien\u2026 La gente va muy bien\u2026\u2028La gente va muy bien, pero que muy bien\u2026\u2028La gente va muy bien\u2028para decir que \u00abS\u00cd\u00bb\u2028y por eso TAMBI\u00c9N<br \/>La gente va muy bien para enjugar las l\u00e1grimas,\u2028para darse un abrazo\u2028y entrar en calor.<br \/>La gente va muy bien para vencer obst\u00e1culos,\u2028para darnos sorpresas,\u2028recobrar la memoria\u2028y emplear la cabeza\u2028para cambiar la historia\u2028y unidos buscar el camino que lleva al Ed\u00e9n.<br \/>La gente va muy bien.<br \/>\u00a0<br \/>Mil gracias, hasta ma\u00f1ana.<br \/>jeperalta@plazajuarez.mx\/historico\/historico<br \/>@JavierEPeralta<\/p>\n","protected":false},"excerpt":{"rendered":"<p>* Nosotros, la gente<\/p>\n","protected":false},"author":93,"featured_media":0,"comment_status":"open","ping_status":"open","sticky":false,"template":"","format":"standard","meta":{"footnotes":""},"categories":[42],"tags":[],"class_list":["post-64594","post","type-post","status-publish","format-standard","hentry","category-nuestrapalabra"],"_links":{"self":[{"href":"https:\/\/plazajuarez.mx\/historico\/wp-json\/wp\/v2\/posts\/64594","targetHints":{"allow":["GET"]}}],"collection":[{"href":"https:\/\/plazajuarez.mx\/historico\/wp-json\/wp\/v2\/posts"}],"about":[{"href":"https:\/\/plazajuarez.mx\/historico\/wp-json\/wp\/v2\/types\/post"}],"author":[{"embeddable":true,"href":"https:\/\/plazajuarez.mx\/historico\/wp-json\/wp\/v2\/users\/93"}],"replies":[{"embeddable":true,"href":"https:\/\/plazajuarez.mx\/historico\/wp-json\/wp\/v2\/comments?post=64594"}],"version-history":[{"count":0,"href":"https:\/\/plazajuarez.mx\/historico\/wp-json\/wp\/v2\/posts\/64594\/revisions"}],"wp:attachment":[{"href":"https:\/\/plazajuarez.mx\/historico\/wp-json\/wp\/v2\/media?parent=64594"}],"wp:term":[{"taxonomy":"category","embeddable":true,"href":"https:\/\/plazajuarez.mx\/historico\/wp-json\/wp\/v2\/categories?post=64594"},{"taxonomy":"post_tag","embeddable":true,"href":"https:\/\/plazajuarez.mx\/historico\/wp-json\/wp\/v2\/tags?post=64594"}],"curies":[{"name":"wp","href":"https:\/\/api.w.org\/{rel}","templated":true}]}}